{"id":324346,"date":"2015-08-28T14:05:34","date_gmt":"2015-08-28T12:05:34","guid":{"rendered":"https:\/\/www.focolare.org\/encuentro-de-los-delegados-del-movimiento-de-los-focolares-en-el-mundo\/"},"modified":"2024-05-16T14:50:34","modified_gmt":"2024-05-16T12:50:34","slug":"encuentro-de-los-delegados-del-movimiento-de-los-focolares-en-el-mundo","status":"publish","type":"post","link":"https:\/\/www.focolare.org\/es\/encuentro-de-los-delegados-del-movimiento-de-los-focolares-en-el-mundo\/","title":{"rendered":"Encuentro de los delegados del Movimiento de los Focolares en el mundo"},"content":{"rendered":"<p>La habitual cita este a\u00f1o reunir\u00e1 durante dos semanas a los delegados de 36 regiones del mundo y a los responsables de 6 ciudadelas, para hacer un balance de la vida del Movimiento en los numerosos pa\u00edses donde est\u00e1 presente en el a\u00f1o transcurrido, y para definir y abrirse a nuevos desaf\u00edos en este a\u00f1o que comienza.<\/p>\n","protected":false},"excerpt":{"rendered":"<p>Centro Mari\u00e1polis de Castel Gandolfo (Italia) \u2013 14\/27 de septiembre de 2015<\/p>\n","protected":false},"author":34,"featured_media":0,"comment_status":"open","ping_status":"open","sticky":false,"template":"","format":"standard","meta":{"give_campaign_id":0,"_seopress_robots_primary_cat":"","_seopress_titles_title":"","_seopress_titles_desc":"","_seopress_robots_index":"","_et_pb_use_builder":"","_et_pb_old_content":"","_et_gb_content_width":"","footnotes":""},"categories":[46],"tags":[],"class_list":["post-324346","post","type-post","status-publish","format-standard","hentry","category-sin-categorizar"],"_links":{"self":[{"href":"https:\/\/www.focolare.org\/es\/wp-json\/wp\/v2\/posts\/324346","targetHints":{"allow":["GET"]}}],"collection":[{"href":"https:\/\/www.focolare.org\/es\/wp-json\/wp\/v2\/posts"}],"about":[{"href":"https:\/\/www.focolare.org\/es\/wp-json\/wp\/v2\/types\/post"}],"author":[{"embeddable":true,"href":"https:\/\/www.focolare.org\/es\/wp-json\/wp\/v2\/users\/34"}],"replies":[{"embeddable":true,"href":"https:\/\/www.focolare.org\/es\/wp-json\/wp\/v2\/comments?post=324346"}],"version-history":[{"count":0,"href":"https:\/\/www.focolare.org\/es\/wp-json\/wp\/v2\/posts\/324346\/revisions"}],"wp:attachment":[{"href":"https:\/\/www.focolare.org\/es\/wp-json\/wp\/v2\/media?parent=324346"}],"wp:term":[{"taxonomy":"category","embeddable":true,"href":"https:\/\/www.focolare.org\/es\/wp-json\/wp\/v2\/categories?post=324346"},{"taxonomy":"post_tag","embeddable":true,"href":"https:\/\/www.focolare.org\/es\/wp-json\/wp\/v2\/tags?post=324346"}],"curies":[{"name":"wp","href":"https:\/\/api.w.org\/{rel}","templated":true}]}}