{"id":324354,"date":"2015-09-01T04:00:44","date_gmt":"2015-09-01T02:00:44","guid":{"rendered":"https:\/\/www.focolare.org\/campana-ambiental-de-religiones-por-la-paz\/"},"modified":"2024-05-16T14:50:35","modified_gmt":"2024-05-16T12:50:35","slug":"campana-ambiental-de-religiones-por-la-paz","status":"publish","type":"post","link":"https:\/\/www.focolare.org\/es\/campana-ambiental-de-religiones-por-la-paz\/","title":{"rendered":"Campa\u00f1a ambiental de Religiones por la Paz"},"content":{"rendered":"<p><strong><a href=\"http:\/\/faithsforearth.org\/?utm_source=Faiths+for+Earth+Campaign&amp;utm_campaign=Recommendations+Request&amp;utm_medium=email\"><img loading=\"lazy\" decoding=\"async\" class=\" size-full wp-image-127967 alignleft\" src=\"https:\/\/www.focolare.org\/wp-content\/uploads\/2015\/09\/Religions_for_Peace-logo.jpg\" alt=\"Religions_for_Peace logo\" width=\"316\" height=\"64\" \/><\/a><\/strong>El cambio clim\u00e1tico es uno de los mayores desaf\u00edos morales de nuestro tiempo. Los l\u00edderes de las distintas religiones, se unen para sostener una campa\u00f1a mundial, con el objetivo de alcanzar antes del a\u00f1o 2050 el objetivo del 100% de las energ\u00edas renovables.  <em>\u00ab<a href=\"http:\/\/www.religionsforpeace.org\/who-we-are\/national-councils-groups\" target=\"_blank\" rel=\"noopener\">Religiones por la Paz<\/a> <\/em>(RPP) \u2013 recita en su presentaci\u00f3n \u2013 trabaja para transformar los conflictos violentos, sostener el desarrollo humano, promover una sociedad m\u00e1s justa y armoniosa, y proteger la Tierra. RPP dispone de un <a href=\"http:\/\/www.religionsforpeaceinternational.org\/who-we-are\/world-council\" target=\"_blank\" rel=\"noopener\">Consejo mundial de l\u00edderes religiosos<\/a> de alto nivel provenientes de todas las regiones del mundo, seis organismos regionales interreligiosos y nacionales\u00bb.  La presidente del Movimiento de los Focolares <a href=\"https:\/\/www.focolare.org\/sp\/news\/2014\/09\/15\/maria-voce\/\" target=\"_blank\" rel=\"noopener\">Maria Voce<\/a>, est\u00e1 entre los co-presidentes de <em>Religiones por la Paz. <\/em>Consciente de la responsabilidad moral del cuidado de nuestro planeta,  ha firmado la solicitud e invita a cuantos lo deseen a unirse a la campa\u00f1a dirigida a los Jefes de Estado de cada uno de los Pa\u00edses.  Para firmar la petici\u00f3n on-line: <a href=\"http:\/\/faithsforearth.org\/\">http:\/\/faithsforearth.org\/<\/a> eligiendo vuestro respectivo Pa\u00eds.<\/p>\n","protected":false},"excerpt":{"rendered":"<p>Alcanzar antes del a\u00f1o 2050 el objetivo del 100% de las energ\u00edas renovables. \u00c9sta es la solicitud promovida por Religions for Peace a los Jefes de Estado de todos los Pa\u00edses. Firma t\u00fa tambi\u00e9n.<\/p>\n","protected":false},"author":34,"featured_media":0,"comment_status":"open","ping_status":"open","sticky":false,"template":"","format":"standard","meta":{"give_campaign_id":0,"_seopress_robots_primary_cat":"","_seopress_titles_title":"","_seopress_titles_desc":"","_seopress_robots_index":"","_et_pb_use_builder":"","_et_pb_old_content":"","_et_gb_content_width":"","footnotes":""},"categories":[46],"tags":[],"class_list":["post-324354","post","type-post","status-publish","format-standard","hentry","category-sin-categorizar"],"_links":{"self":[{"href":"https:\/\/www.focolare.org\/es\/wp-json\/wp\/v2\/posts\/324354","targetHints":{"allow":["GET"]}}],"collection":[{"href":"https:\/\/www.focolare.org\/es\/wp-json\/wp\/v2\/posts"}],"about":[{"href":"https:\/\/www.focolare.org\/es\/wp-json\/wp\/v2\/types\/post"}],"author":[{"embeddable":true,"href":"https:\/\/www.focolare.org\/es\/wp-json\/wp\/v2\/users\/34"}],"replies":[{"embeddable":true,"href":"https:\/\/www.focolare.org\/es\/wp-json\/wp\/v2\/comments?post=324354"}],"version-history":[{"count":0,"href":"https:\/\/www.focolare.org\/es\/wp-json\/wp\/v2\/posts\/324354\/revisions"}],"wp:attachment":[{"href":"https:\/\/www.focolare.org\/es\/wp-json\/wp\/v2\/media?parent=324354"}],"wp:term":[{"taxonomy":"category","embeddable":true,"href":"https:\/\/www.focolare.org\/es\/wp-json\/wp\/v2\/categories?post=324354"},{"taxonomy":"post_tag","embeddable":true,"href":"https:\/\/www.focolare.org\/es\/wp-json\/wp\/v2\/tags?post=324354"}],"curies":[{"name":"wp","href":"https:\/\/api.w.org\/{rel}","templated":true}]}}