{"id":324372,"date":"2015-09-09T11:15:36","date_gmt":"2015-09-09T09:15:36","guid":{"rendered":"https:\/\/www.focolare.org\/queremos-la-paz-y-la-unidad-entre-los-pueblos\/"},"modified":"2024-05-16T14:50:38","modified_gmt":"2024-05-16T12:50:38","slug":"queremos-la-paz-y-la-unidad-entre-los-pueblos","status":"publish","type":"post","link":"https:\/\/www.focolare.org\/es\/queremos-la-paz-y-la-unidad-entre-los-pueblos\/","title":{"rendered":"Queremos la Paz y la Unidad entre los pueblos"},"content":{"rendered":"<p><img loading=\"lazy\" decoding=\"async\" class=\"alignleft wp-image-128207\" src=\"https:\/\/www.focolare.org\/wp-content\/uploads\/2015\/09\/OpenYourBorders_20151.jpg\" alt=\"OpenYourBorders\" width=\"380\" height=\"219\" \/>  <strong>Reducir el financiamiento p\u00fablico destinado a armamento: <\/strong>atacar la ra\u00edz de las desigualdades para contrarrestar la miseria; revisar las formas de gobierno actuales; adoptar un modelo de legalidad organizada que se oponga a los fen\u00f3menos criminales; garantizar un nivel de instrucci\u00f3n primara universal. \u00c9stos son los cinco puntos principales del <strong><a href=\"https:\/\/www.focolare.org\/wp-content\/uploads\/2015\/09\/ESP-APPELLO-_Giovani-per-un-Mondo-Unito-20150312.pdf\">manifiesto<\/a><\/strong> de los J\u00f3venes por un Mundo Unido (JMU) de los Focolares, dirigido a los Parlamentos Nacionales, al Parlamento Europeo, a las comisiones nacionales de la UNESCO y a las Naciones Unidas. El 12 de marzo de este a\u00f1o 350 j\u00f3venes representantes de 39 pa\u00edses, se <a href=\"https:\/\/www.focolare.org\/es\/news\/2015\/03\/12\/i-giovani-dei-focolari-in-parlamento\/\">reunieron en la C\u00e1mara de Diputados<\/a> del Parlamento italiano y lanzaron el presente llamamiento.  <strong>Son palabras que en estos d\u00edas resuenan m\u00e1s actuales que nunca, ante un drama humanitario <\/strong>que no puede quedarse esperando las reflexiones pol\u00edticas o los tiempos de la burocracia nacional e internacional: \u00abSomos conscientes del escenario global actual marcado por numerosos conflictos de los que se derivan fen\u00f3menos como las migraciones de los pueblos que intentan huir de la violencia, de la pobreza extrema, del hambre, de la injusticia social de la que son v\u00edctimas en sus pa\u00edses. Estas profundas heridas nos comprometen directamente y nos impulsan a buscar soluciones concretas, en la que queremos ofrecer nuestro empe\u00f1o personal.  <strong>\u00abPara realizar la fraternidad universal \u2013<\/strong>agregan entre otras cosas- no basta la buena voluntad del individuo: estamos convencidos, de hecho, que es necesaria una acci\u00f3n pol\u00edtica orientada a intervenir contra las causas de los conflictos y las condiciones que generan las desigualdades\u00bb. En el llamamiento, los j\u00f3venes no s\u00f3lo denuncian estas causas sino que hacen solicitudes claras y expl\u00edcitas.  <strong>Hoy estamos todos inmersos en la emergencia del drama humanitario. <\/strong>Tambi\u00e9n los JMU levantan su voz para decir \u201cQueremos la Paz y la Unidad entre los pueblos\u201d. Invitan a <strong>difundir el <\/strong><a href=\"https:\/\/www.focolare.org\/press\/files\/2015\/09\/ESP-APPELLO-GMU.pdf\" target=\"_blank\" rel=\"noopener\">manifiesto<\/a><strong>, <\/strong>present\u00e1ndolo lo antes posible ante las instituciones internacionales, nacionales, locales (ONU, UNESCO, Jefes de Estado, Parlamentos, sindicatos, etc.) y tambi\u00e9n a los l\u00edderes religiosos.  <strong>Eligieron el 11 de septiembre como fecha para \u201cinvadir las redes sociales con el hashtag <a href=\"https:\/\/twitter.com\/hashtag\/openyourborders\">#OpenYourBorders<\/a>\u00bb<\/strong>, y lanzan iniciativas concretas que llevar\u00e1n adelante juntos y se unen a las muchas que ya hay en curso, recogidas en el <a href=\"http:\/\/unitedworldproject.org\/\">United World Project<\/a>.  <strong>En la p\u00e1gina de Facebook \u2018<\/strong><a href=\"https:\/\/www.facebook.com\/dialoguetounlock\"><strong>Dialogue to unlock<\/strong><\/a><strong>\u2019<\/strong> o a trav\u00e9s de la direcci\u00f3n <a href=\"mailto:info@unitedworldproject.org\">info@unitedworldproject.org<\/a> se pueden publicar fotos, testimonios, iniciativas, videos, en favor de la acogida y la paz  <em>Todo lo que se recoja puede ser enviado a C\u00e1ritas local o a la cuenta de la Secretar\u00eda de J\u00f3venes por un Mundo Unido a trav\u00e9s del siguiente link: <\/em><a href=\"http:\/\/www.unitedworldproject.org\/en\/\">http:\/\/www.unitedworldproject.org\/it\/home\/14-notizie\/862-openyourborders-una-proposta-dei-gmu-per-tutti.html<\/a>  Lee tambi\u00e9n: <a href=\"https:\/\/www.focolare.org\/es\/news\/2015\/03\/12\/i-giovani-dei-focolari-in-parlamento\/\">Los j\u00f3venes de los Focolares en el Parlamento<\/a>  https:\/\/vimeo.com\/139230712<\/p>\n","protected":false},"excerpt":{"rendered":"<p>Ante el drama humanitario de los refugiados, los J\u00f3venes por un Mundo Unido de los Focolares se ponen en acci\u00f3n en tantos frentes, se movilizan haciendo un llamado a los organismos internacionales y se comprometen en primera persona junto a todo el Movimiento.<\/p>\n","protected":false},"author":34,"featured_media":0,"comment_status":"open","ping_status":"open","sticky":false,"template":"","format":"standard","meta":{"give_campaign_id":0,"_seopress_robots_primary_cat":"","_seopress_titles_title":"","_seopress_titles_desc":"","_seopress_robots_index":"","_et_pb_use_builder":"","_et_pb_old_content":"","_et_gb_content_width":"","footnotes":""},"categories":[46],"tags":[],"class_list":["post-324372","post","type-post","status-publish","format-standard","hentry","category-sin-categorizar"],"_links":{"self":[{"href":"https:\/\/www.focolare.org\/es\/wp-json\/wp\/v2\/posts\/324372","targetHints":{"allow":["GET"]}}],"collection":[{"href":"https:\/\/www.focolare.org\/es\/wp-json\/wp\/v2\/posts"}],"about":[{"href":"https:\/\/www.focolare.org\/es\/wp-json\/wp\/v2\/types\/post"}],"author":[{"embeddable":true,"href":"https:\/\/www.focolare.org\/es\/wp-json\/wp\/v2\/users\/34"}],"replies":[{"embeddable":true,"href":"https:\/\/www.focolare.org\/es\/wp-json\/wp\/v2\/comments?post=324372"}],"version-history":[{"count":0,"href":"https:\/\/www.focolare.org\/es\/wp-json\/wp\/v2\/posts\/324372\/revisions"}],"wp:attachment":[{"href":"https:\/\/www.focolare.org\/es\/wp-json\/wp\/v2\/media?parent=324372"}],"wp:term":[{"taxonomy":"category","embeddable":true,"href":"https:\/\/www.focolare.org\/es\/wp-json\/wp\/v2\/categories?post=324372"},{"taxonomy":"post_tag","embeddable":true,"href":"https:\/\/www.focolare.org\/es\/wp-json\/wp\/v2\/tags?post=324372"}],"curies":[{"name":"wp","href":"https:\/\/api.w.org\/{rel}","templated":true}]}}