{"id":324408,"date":"2015-09-23T04:00:43","date_gmt":"2015-09-23T02:00:43","guid":{"rendered":"https:\/\/www.focolare.org\/burkina-faso-en-medio-de-la-incertidumbre-politica\/"},"modified":"2024-05-16T14:50:45","modified_gmt":"2024-05-16T12:50:45","slug":"burkina-faso-en-medio-de-la-incertidumbre-politica","status":"publish","type":"post","link":"https:\/\/www.focolare.org\/es\/burkina-faso-en-medio-de-la-incertidumbre-politica\/","title":{"rendered":"Burkina Faso en medio de la incertidumbre pol\u00edtica"},"content":{"rendered":"<p><img loading=\"lazy\" decoding=\"async\" class=\" size-full wp-image-128751 alignleft\" src=\"https:\/\/www.focolare.org\/wp-content\/uploads\/2015\/09\/BurkinaFaso.jpg\" alt=\"BurkinaFaso\" width=\"300\" height=\"180\" \/>  \u201cDesde el jueves 17 de septiembre \u2013d\u00eda del golpe de Estado- estamos todos en casa; las escuelas, las oficinas, el comercio, todo est\u00e1 cerrado. Escasea la gasolina y los v\u00edveres, y si se logra conseguir algo, es a precios muy costosos\u201d, explica Aurora De Oliveira del Focolar de Bobo-Dioulasso, la segunda ciudad de Burkina Faso. All\u00ed la protesta se siente, pero no tan fuerte como en la capital Uagadug\u00fa (1.500.000 hab.) que ha sido el centro de los principales acontecimientos de la \u00faltima semana, donde han habido <strong>m\u00e1s de cien heridos y al menos diez muertos.<\/strong> \u201cEs una poblaci\u00f3n valiente que ya no quiere estar subyugada. En las grandes ciudades de Burkina Faso todos han participado en las manifestaciones, pero en paz. Se siente mucho temor, no se puede negar, porque la guerra podr\u00eda explotar de un momento a otro\u201d. \u201cLas actividades en Uaga \u2013donde ya entr\u00f3 el ej\u00e9rcito- se han paralizado\u201d, escribe Jacques Sawadogo, de la comunidad de los Focolares en la capital. \u201cLos bancos, el comercio, las estaciones de servicio, est\u00e1n cerradas. Se mantienen abiertas s\u00f3lo peque\u00f1as actividades de subsistencia. Como miembros del Movimiento en Uagadug\u00fa, tratamos de mantenernos en contacto, por e-mail o por tel\u00e9fono. <strong>Tratamos de ser artesanos de paz mediante las acciones y las palabras\u201d.<\/strong>  Tambi\u00e9n localizamos por tel\u00e9fono al padre Sylvestre Sanou, vicario general de la di\u00f3cesis de Bobo-Dioulasso. La situaci\u00f3n est\u00e1 en continua evoluci\u00f3n y se teme que pueda empeorarse. <strong>\u201cHay una huelga general en todo el pa\u00eds <\/strong>\u2013explica el P. Sylvestre \u2013 En realidad no se trata de un aut\u00e9ntico golpe de Estado sino de la irrupci\u00f3n de un peque\u00f1o grupo de la Guardia Presidencial, comandado por el general Gilbert Diend\u00e9r\u00e9, hombre cercano al expresidente Blaise Compaor\u00e9, quien subi\u00f3 al poder mediante un golpe de Estado en octubre de 1987 y a quien obligaron a huir en octubre del 2014, despu\u00e9s de 27 a\u00f1os, despu\u00e9s de d\u00edas de protestas. Desde entonces est\u00e1 refugiado en Costa de Marfil. \u201cEl general Diend\u00e9r\u00e9 ha intentado negociar su inmunidad, por lo que se entiende, despu\u00e9s de haber sido la mano derecha del presidente Compaor\u00e9\u201d.  <strong>Por lo tanto no se trata de conflictos religiosos, <\/strong>entre musulmanes (50%), cristianos (30%) o<span id=\"result_box\" class=\"short_text\" lang=\"es\"><span class=\"hps\"> religiones<\/span> <span class=\"hps\">tradicionales <\/span><\/span>(20%) sino que son de naturaleza pol\u00edtica. \u201cParece que el ej\u00e9rcito ha tomado posici\u00f3n a favor de la poblaci\u00f3n, y tambi\u00e9n los gobernadores de las distintas regiones est\u00e1n en contra del \u2018golpe\u2019, incluso en el pueblo natal de Diend\u00e9r\u00e9 fue quemada su casa. Sin embargo, la violencia engendra violencia\u201d, prosigue el P. Sylvestre. \u201cEl 22 de septiembre nos quedamos sin aliento ante el ultim\u00e1tum del ej\u00e9rcito, que lleg\u00f3 a la capital procedente de 4 ciudades. El futuro pol\u00edtico del pa\u00eds es incierto, a pesar de la mediaci\u00f3n de los presidentes de Ben\u00edn y Senegal, a nombre del CEDEAO (Communaut\u00e9 Economique Des Etats de l\u2019Afrique de l\u2019Ouest) y del regreso del presidente de transici\u00f3n de Burkina Faso, Michel Kafando y del primer ministro Isaac Zida (arrestados y liberados)\u201d.  <strong>\u201cYo reci\u00e9n hab\u00eda llegado de una estad\u00eda en la ciudadela \u201cVictoria\u201d<\/strong>\u00a0del Movimiento de los Focolares en Costa de Marfil y me encontr\u00e9 en esta situaci\u00f3n\u201d concluye el P. Sanou.\u201d Fue bloqueado el proceso de di\u00e1logo que estaba en curso entre varios partidos y que estaba llegando a un consenso. Pero ahora todo qued\u00f3 sin resoluci\u00f3n. Rezamos para que se llegue a una soluci\u00f3n r\u00e1pidamente sin esparcimiento de sangre. Mientras tanto, con los sacerdotes, los religiosos\/as y los catequistas de la di\u00f3cesis y nuestro obispo, hemos empezado el encuentro pastoral que ten\u00edamos programado antes de estos eventos. Nos parece importante seguir adelante y rezar por nuestra gente y nuestro pa\u00eds\u201d.  <strong>\u201c\u00bfC\u00f3mo estamos viviendo? Al inicio est\u00e1bamos enojados, desilusionados <\/strong>\u2013cuenta Aurora De Oliveira- porque despu\u00e9s de los hechos del 2014 la situaci\u00f3n pol\u00edtica estaba yendo muy bien. A un paso de las elecciones previstas, programadas inicialmente para el 11 de octubre (y ahora postergadas para el 22 de noviembre), lleg\u00f3 un grupo armado y gener\u00f3 caos en todo el pa\u00eds. \u00c9sta fue la primera reacci\u00f3n, que nos hizo sentir la necesidad de protestar. El paso siguiente fue reconocer en este dolor un rostro de Jes\u00fas Abandonado y tratar de saldar la unidad entre nosotros para poder transmitir la paz y el perd\u00f3n. Hemos tratado de contactar a cuantos comparten la espiritualidad de la unidad, porque el amor debe vencer\u201d.  \u201cSeguimos rezando y viviendo en una unidad a\u00fan m\u00e1s fuerte con todos ustedes, seguros de la protecci\u00f3n de Mar\u00eda\u201d, escribe la presidente de los Focolares, Mar\u00eda Voce a la comunidad de Burkina Faso, durante el curso del encuentro de los delegados de los Focolares de varias naciones, que hace sentir m\u00e1s cercanas las expectativas y los dolores de tantas partes del mundo.  https:\/\/vimeo.com\/140074710<\/p>\n","protected":false},"excerpt":{"rendered":"<p>Las noticias que llegan del pa\u00eds africano son preocupantes. El conflicto, de naturaleza pol\u00edtica, lo sufre toda la poblaci\u00f3n, musulmanes, cristianos y animistas. Le esperanza en una resoluci\u00f3n pac\u00edfica.<\/p>\n","protected":false},"author":34,"featured_media":0,"comment_status":"open","ping_status":"open","sticky":false,"template":"","format":"standard","meta":{"give_campaign_id":0,"_seopress_robots_primary_cat":"","_seopress_titles_title":"","_seopress_titles_desc":"","_seopress_robots_index":"","_et_pb_use_builder":"","_et_pb_old_content":"","_et_gb_content_width":"","footnotes":""},"categories":[904],"tags":[],"class_list":["post-324408","post","type-post","status-publish","format-standard","hentry","category-focolare-worldwide-2-2"],"_links":{"self":[{"href":"https:\/\/www.focolare.org\/es\/wp-json\/wp\/v2\/posts\/324408","targetHints":{"allow":["GET"]}}],"collection":[{"href":"https:\/\/www.focolare.org\/es\/wp-json\/wp\/v2\/posts"}],"about":[{"href":"https:\/\/www.focolare.org\/es\/wp-json\/wp\/v2\/types\/post"}],"author":[{"embeddable":true,"href":"https:\/\/www.focolare.org\/es\/wp-json\/wp\/v2\/users\/34"}],"replies":[{"embeddable":true,"href":"https:\/\/www.focolare.org\/es\/wp-json\/wp\/v2\/comments?post=324408"}],"version-history":[{"count":0,"href":"https:\/\/www.focolare.org\/es\/wp-json\/wp\/v2\/posts\/324408\/revisions"}],"wp:attachment":[{"href":"https:\/\/www.focolare.org\/es\/wp-json\/wp\/v2\/media?parent=324408"}],"wp:term":[{"taxonomy":"category","embeddable":true,"href":"https:\/\/www.focolare.org\/es\/wp-json\/wp\/v2\/categories?post=324408"},{"taxonomy":"post_tag","embeddable":true,"href":"https:\/\/www.focolare.org\/es\/wp-json\/wp\/v2\/tags?post=324408"}],"curies":[{"name":"wp","href":"https:\/\/api.w.org\/{rel}","templated":true}]}}