{"id":324436,"date":"2015-10-02T03:00:26","date_gmt":"2015-10-02T01:00:26","guid":{"rendered":"https:\/\/www.focolare.org\/loppianolab-2015-hacer-sonar-a-los-jovenes-en-africa\/"},"modified":"2024-05-16T14:50:49","modified_gmt":"2024-05-16T12:50:49","slug":"loppianolab-2015-hacer-sonar-a-los-jovenes-en-africa","status":"publish","type":"post","link":"https:\/\/www.focolare.org\/es\/loppianolab-2015-hacer-sonar-a-los-jovenes-en-africa\/","title":{"rendered":"LoppianoLab 2015: Hacer so\u00f1ar a los j\u00f3venes en \u00c1frica"},"content":{"rendered":"<p><img loading=\"lazy\" decoding=\"async\" class=\" wp-image-129182 alignright\" src=\"https:\/\/www.focolare.org\/wp-content\/uploads\/2015\/10\/20151002-02.jpg\" alt=\"20151002-02\" width=\"380\" height=\"254\" \/>  <strong>\u00abAcoger en lo ordinario, lo extraordinario, acostumbrando la mirada a ver c\u00f3mo crece el \u00e1rbol. <\/strong><strong>Si no existieran los profetas, la vida ser\u00eda el lugar del pesimismo y no de la esperanza que nos une<\/strong>\u00bb. Es posible resumir con estas palabras del economista <strong>Luigino Bruni, lo profundizado en la Convenci\u00f3n Nacional de las redes de <\/strong><a href=\"http:\/\/www.edc-online.org\/\">Econom\u00eda de Comuni\u00f3n<\/a>, en el \u00e1mbito de la <a href=\"https:\/\/www.focolare.org\/es\/news\/category\/economia\/loppianolab\/\">sexta edici\u00f3n de LoppianoLab <\/a>en donde se registraron m\u00e1s de dos mil participantes de toda Italia y de otros pa\u00edses..  <strong>Econom\u00eda de Comuni\u00f3n, un modelo para reiniciar.<\/strong> \u00abS\u00f3lo regenerando las relaciones se vence el temor y puede volverse a reactivar la econom\u00eda. Mientras que hoy la desconfianza y el pesimismo frenan la recuperaci\u00f3n econ\u00f3mica en Europa y en Occidente, osamos mirar el panorama desde el punto de vista de los j\u00f3venes africanos \u2013empez\u00f3 diciendo Bruni. Si queremos contribuir al renacimiento de la econom\u00eda es necesario regenerar los territorios, las familias, las relaciones y redescubrir y practicar las virtudes civiles\u00bb.<strong> \u201cM\u00e1s all\u00e1 del temor. Cultura del di\u00e1logo, ciudadan\u00eda activa, econom\u00eda civil\u201d.<\/strong> No es casualidad el t\u00edtulo elegido para la edici\u00f3n LoppianoLab 2015, promovida por el <a href=\"http:\/\/www.cittanuova.it\/\">Grupo editorial Citt\u00e0 Nuova<\/a>, el <a href=\"http:\/\/www.pololionellobonfanti.it\/\">Centro empresarial Lionello Bonfanti<\/a>&#8211;<a href=\"http:\/\/www.edc-online.org\/\">Econom\u00eda de Comuni\u00f3n <\/a>(EdC), el <a href=\"http:\/\/www.iu-sophia.org\/\">Instituto Universitario Sophia <\/a>(IUS) y el <a href=\"http:\/\/www.loppiano.it\/\">Centro internacional de Loppiano<\/a> (FI)<strong>.<\/strong> Obviamente es urgente el llamado del sector econ\u00f3mico, un \u00e1mbito en el cual hay unas 200 empresas, de las 800 en el mundo, que adhieren a la Econom\u00eda de Comuni\u00f3n poniendo como en el centro de la actividad econ\u00f3mica al ser humano y su dimensi\u00f3n relacional.  <img loading=\"lazy\" decoding=\"async\" class=\" wp-image-129180 alignright\" src=\"https:\/\/www.focolare.org\/wp-content\/uploads\/2015\/10\/20151002-01.jpg\" alt=\"20151002-01\" width=\"380\" height=\"323\" \/><strong>So\u00f1ando el \u00c1frica. <\/strong><strong>Fueron frecuentes las referencias al <\/strong><a href=\"https:\/\/www.focolare.org\/es\/news\/2015\/06\/03\/economia-di-comunione-in-africa-una-impresa-non-basta\/\">congreso internacional EdC<\/a> que tuvo lugar en mayo pasado en Nairobi, a prop\u00f3sito del cual la economista centroafricana <strong>Genevi\u00e9ve Sanze<\/strong>, habl\u00f3 de la \u201cvitalidad\u201d. En su continente, hoy d\u00eda son alrededor de treinta las empresas que han adherido al proyecto y ha nacido una red de apoyo a los j\u00f3venes por parte de los empresarios de la EdC. \u00abQuieren hacernos pensar que la Econom\u00eda es la ciencia de la riqueza; se cree que es necesario ir a las grandes metr\u00f3polis para practicarla, pero con la EdC se ha convertido en la ciencia de la comuni\u00f3n\u00bb \u2013afirm\u00f3.  <strong>Intercambio, di\u00e1logo, fraternidad<\/strong>. En Nairobi entendimos que cada persona aporta una riqueza a partir de su comprensi\u00f3n y unicidad, as\u00ed como el empresario creativo trata de enriquecer su ambiente y su territorio sin homologarse a est\u00e1ndares que est\u00e1n lejos de su realidad. Hablar de econom\u00eda a nivel internacional a partir de \u00c1frica es un proceso nuevo, pero lo es m\u00e1s a\u00fan cuando se habla del aporte que \u00c1frica puede dar, m\u00e1s que lo que puede recibir, ofreciendo as\u00ed confianza y nuevo empuje a los mismo africanos para hacer crecer las posibilidades que hay en sus pa\u00edses\u00bb. \u00c1frica es un continente joven. De ello dan testimonio Gloria y Melchiot, dos estudiantes africanos del Instituto Universitario Sophia de Loppiano: \u00abHacer so\u00f1ar a los j\u00f3venes en \u00c1frica significa evitar el fen\u00f3meno de la migraci\u00f3n: \u00bfPor qu\u00e9 no pensar en abrir empresas en \u00c1frica y hacer que encuentren trabajo all\u00ed?\u00bb.  <strong>Dos proyectos EdC.<\/strong> \u00abEn Nairobi iniciaron dos proyectos econ\u00f3micos y ha sido anunciado el nacimiento de un diplomado en Econom\u00eda de Comuni\u00f3n en la Universidad CUIB (Catholic University Institute of Buea) en Camer\u00fan \u2013explica <strong>Anouk Grevin<\/strong>, economista (Universidad de Nantes e Instituto Universitario Sophia) \u2013: a partir del 2017 iniciar\u00e1 la incubadora de empresas \u201cSiobhan\u201d, con el objetivo de sostener el nacimiento de nuevas empresas en \u00c1frica. El segundo proyecto est\u00e1 dedicado a <strong>Fran\u00e7ois Neveux, pionero franc\u00e9s de la EdC<\/strong>, y tiene como fin poner en contacto a empresarios de todo el mundo, dando vida a una red de acompa\u00f1amiento econ\u00f3mico y del dise\u00f1o del proyecto, dirigida sobre todo a los j\u00f3venes empresarios\u00bb.  <strong>Fuente:<\/strong> <a href=\"http:\/\/www.cittanuova.it\/c\/449561\/Far_sognare_i_giovani_in_Africa.html\">Citt\u00e0 Nuova<\/a>  \u00a0<\/p>\n","protected":false},"excerpt":{"rendered":"<p>Dos proyectos innovadores para cambiar la vida y las perspectivas de chicos, familias y empresarios africanos fueron presentados en la Convenci\u00f3n Nacional de las redes de Econom\u00eda de Comuni\u00f3n.<\/p>\n","protected":false},"author":34,"featured_media":0,"comment_status":"open","ping_status":"open","sticky":false,"template":"","format":"standard","meta":{"give_campaign_id":0,"_seopress_robots_primary_cat":"","_seopress_titles_title":"","_seopress_titles_desc":"","_seopress_robots_index":"","_et_pb_use_builder":"","_et_pb_old_content":"","_et_gb_content_width":"","footnotes":""},"categories":[904,905],"tags":[],"class_list":["post-324436","post","type-post","status-publish","format-standard","hentry","category-focolare-worldwide-2-2","category-senza-categoria-2-2"],"_links":{"self":[{"href":"https:\/\/www.focolare.org\/es\/wp-json\/wp\/v2\/posts\/324436","targetHints":{"allow":["GET"]}}],"collection":[{"href":"https:\/\/www.focolare.org\/es\/wp-json\/wp\/v2\/posts"}],"about":[{"href":"https:\/\/www.focolare.org\/es\/wp-json\/wp\/v2\/types\/post"}],"author":[{"embeddable":true,"href":"https:\/\/www.focolare.org\/es\/wp-json\/wp\/v2\/users\/34"}],"replies":[{"embeddable":true,"href":"https:\/\/www.focolare.org\/es\/wp-json\/wp\/v2\/comments?post=324436"}],"version-history":[{"count":0,"href":"https:\/\/www.focolare.org\/es\/wp-json\/wp\/v2\/posts\/324436\/revisions"}],"wp:attachment":[{"href":"https:\/\/www.focolare.org\/es\/wp-json\/wp\/v2\/media?parent=324436"}],"wp:term":[{"taxonomy":"category","embeddable":true,"href":"https:\/\/www.focolare.org\/es\/wp-json\/wp\/v2\/categories?post=324436"},{"taxonomy":"post_tag","embeddable":true,"href":"https:\/\/www.focolare.org\/es\/wp-json\/wp\/v2\/tags?post=324436"}],"curies":[{"name":"wp","href":"https:\/\/api.w.org\/{rel}","templated":true}]}}