{"id":324458,"date":"2015-10-09T12:57:28","date_gmt":"2015-10-09T10:57:28","guid":{"rendered":"https:\/\/www.focolare.org\/en-oracion-por-oriente-medio-y-por-el-continente-africano\/"},"modified":"2024-05-16T14:50:53","modified_gmt":"2024-05-16T12:50:53","slug":"en-oracion-por-oriente-medio-y-por-el-continente-africano","status":"publish","type":"post","link":"https:\/\/www.focolare.org\/es\/en-oracion-por-oriente-medio-y-por-el-continente-africano\/","title":{"rendered":"En oraci\u00f3n por  Oriente Medio y por el continente africano"},"content":{"rendered":"<div class=\"txt\">  \u00a0  <strong>Con dolor y preocupaci\u00f3n<\/strong> por las numerosas v\u00edctimas inocentes y la enorme crisis humanitaria, en Siria, Iraq, Jerusal\u00e9n y Cisjordania, sin olvidar a las poblaciones africanas que sufren la tragedia de los conflictos, el Obispo de Roma \u2013 en uni\u00f3n con el S\u00ednodo \u2013 apremi\u00f3 a la comunidad internacional, afianzada en el derecho y en la diplomacia, a ayudar de forma eficaz a las partes interesadas a resolver los conflictos:  \u00abAl reanudar, esta ma\u00f1ana, \u00a0los trabajos de la Congregaci\u00f3n general quisiera invitarlos a dedicar la oraci\u00f3n de la Hora Tercia a la intenci\u00f3n de la reconciliaci\u00f3n y de la paz en <strong>Oriente Medio<\/strong>. Estamos dolorosamente afectados y seguimos con preocupaci\u00f3n cuanto est\u00e1 sucediendo en Siria, en Iraq, en Jerusal\u00e9n y en Cisjordania, donde asistimos a una escalada de violencia, que afecta a civiles inocentes y sigue alimentando una crisis humanitaria de proporciones enormes. <strong>La guerra lleva destrucci\u00f3n y multiplica los sufrimientos de las poblaciones<\/strong>. Las esperanzas y progresos llegan s\u00f3lo con las opciones de paz. Un\u00e1monos, pues, en una intensa y confiada oraci\u00f3n al Se\u00f1or, una oraci\u00f3n que quiere ser al mismo tiempo expresi\u00f3n de cercan\u00eda a los hermanos Patriarcas y Obispos aqu\u00ed presentes, que provienen de aquella regi\u00f3n, a sus sacerdotes y fieles, as\u00ed como a todos aquellos que la habitan.  <strong>Dirijo asimismo, junto con el S\u00ednodo, un apremiante llamamiento<\/strong> a la comunidad internacional, para que encuentre el modo de ayudar eficazmente a las partes interesadas a ampliar sus propios horizontes, m\u00e1s all\u00e1 de los intereses inmediatos y a usar los instrumentos del derecho internacional y de la diplomacia para resolver los conflictos en curso.  Deseo en fin que extendamos nuestra oraci\u00f3n tambi\u00e9n a aquellas zonas del <strong>continente africano <\/strong>que est\u00e1n viviendo an\u00e1logas situaciones de conflicto. Por todos interceda <strong>Mar\u00eda, Reina de la paz y amorosa Madre de sus hijos<\/strong>\u00bb.  (CdM \u2013 RV)  <a href=\"http:\/\/es.radiovaticana.va\/news\/2015\/10\/09\/paz_oriente_medio_%C3%A1frica_apremiante_llamamiento_papa_s%C3%ADnodo\/1177937\" target=\"_blank\" rel=\"noopener\">(from Vatican Radio)<\/a>  <\/div>\n","protected":false},"excerpt":{"rendered":"<p>Nueva invitaci\u00f3n del Papa Francisco a intensificar la oraci\u00f3n por la paz, y su llamada a la comunidad internacional para resolver los conflictos en pleno desarrollo. Sus palabras durante los trabajos del S\u00ednodo.<\/p>\n","protected":false},"author":34,"featured_media":0,"comment_status":"open","ping_status":"open","sticky":false,"template":"","format":"standard","meta":{"give_campaign_id":0,"_seopress_robots_primary_cat":"","_seopress_titles_title":"","_seopress_titles_desc":"","_seopress_robots_index":"","_et_pb_use_builder":"","_et_pb_old_content":"","_et_gb_content_width":"","footnotes":""},"categories":[904],"tags":[],"class_list":["post-324458","post","type-post","status-publish","format-standard","hentry","category-focolare-worldwide-2-2"],"_links":{"self":[{"href":"https:\/\/www.focolare.org\/es\/wp-json\/wp\/v2\/posts\/324458","targetHints":{"allow":["GET"]}}],"collection":[{"href":"https:\/\/www.focolare.org\/es\/wp-json\/wp\/v2\/posts"}],"about":[{"href":"https:\/\/www.focolare.org\/es\/wp-json\/wp\/v2\/types\/post"}],"author":[{"embeddable":true,"href":"https:\/\/www.focolare.org\/es\/wp-json\/wp\/v2\/users\/34"}],"replies":[{"embeddable":true,"href":"https:\/\/www.focolare.org\/es\/wp-json\/wp\/v2\/comments?post=324458"}],"version-history":[{"count":0,"href":"https:\/\/www.focolare.org\/es\/wp-json\/wp\/v2\/posts\/324458\/revisions"}],"wp:attachment":[{"href":"https:\/\/www.focolare.org\/es\/wp-json\/wp\/v2\/media?parent=324458"}],"wp:term":[{"taxonomy":"category","embeddable":true,"href":"https:\/\/www.focolare.org\/es\/wp-json\/wp\/v2\/categories?post=324458"},{"taxonomy":"post_tag","embeddable":true,"href":"https:\/\/www.focolare.org\/es\/wp-json\/wp\/v2\/tags?post=324458"}],"curies":[{"name":"wp","href":"https:\/\/api.w.org\/{rel}","templated":true}]}}