{"id":324488,"date":"2015-10-20T02:03:59","date_gmt":"2015-10-20T00:03:59","guid":{"rendered":"https:\/\/www.focolare.org\/cristianos-de-oriente-y-occidente\/"},"modified":"2024-05-16T14:51:00","modified_gmt":"2024-05-16T12:51:00","slug":"cristianos-de-oriente-y-occidente","status":"publish","type":"post","link":"https:\/\/www.focolare.org\/es\/cristianos-de-oriente-y-occidente\/","title":{"rendered":"Cristianos de Oriente y Occidente"},"content":{"rendered":"<p>http:\/\/vimeo.com\/95726093  Jerusal\u00e9n, 24 de mayo. El encuentro \u00a0del Papa Francisco con el Patriarca Bartolomeo, recuerda el hist\u00f3rico abrazo de 50 a\u00f1os atr\u00e1s entre Pablo VI\u00a0 y el Patriarca ecum\u00e9nico de Constantinopla Aten\u00e1goras I. Un abrazo que marc\u00f3 el comienzo de una historia nueva despu\u00e9s de siglos de lejan\u00eda. Recorremos esta p\u00e1gina de di\u00e1logo ecum\u00e9nico con im\u00e1genes in\u00e9ditas.  <\/p>\n<hr \/>\n","protected":false},"excerpt":{"rendered":"<p>Un video recorre la historia de las relaciones entre el Patriarcado de Constantinopla y el Movimiento de los Focolares, desde el profundo v\u00ednculo entre el Patriarca Aten\u00e1goras, Pablo VI y Chiara Lubich.<\/p>\n","protected":false},"author":34,"featured_media":0,"comment_status":"open","ping_status":"open","sticky":false,"template":"","format":"standard","meta":{"give_campaign_id":0,"_seopress_robots_primary_cat":"","_seopress_titles_title":"","_seopress_titles_desc":"","_seopress_robots_index":"","_et_pb_use_builder":"","_et_pb_old_content":"","_et_gb_content_width":"","footnotes":""},"categories":[904],"tags":[],"class_list":["post-324488","post","type-post","status-publish","format-standard","hentry","category-focolare-worldwide-2-2"],"_links":{"self":[{"href":"https:\/\/www.focolare.org\/es\/wp-json\/wp\/v2\/posts\/324488","targetHints":{"allow":["GET"]}}],"collection":[{"href":"https:\/\/www.focolare.org\/es\/wp-json\/wp\/v2\/posts"}],"about":[{"href":"https:\/\/www.focolare.org\/es\/wp-json\/wp\/v2\/types\/post"}],"author":[{"embeddable":true,"href":"https:\/\/www.focolare.org\/es\/wp-json\/wp\/v2\/users\/34"}],"replies":[{"embeddable":true,"href":"https:\/\/www.focolare.org\/es\/wp-json\/wp\/v2\/comments?post=324488"}],"version-history":[{"count":0,"href":"https:\/\/www.focolare.org\/es\/wp-json\/wp\/v2\/posts\/324488\/revisions"}],"wp:attachment":[{"href":"https:\/\/www.focolare.org\/es\/wp-json\/wp\/v2\/media?parent=324488"}],"wp:term":[{"taxonomy":"category","embeddable":true,"href":"https:\/\/www.focolare.org\/es\/wp-json\/wp\/v2\/categories?post=324488"},{"taxonomy":"post_tag","embeddable":true,"href":"https:\/\/www.focolare.org\/es\/wp-json\/wp\/v2\/tags?post=324488"}],"curies":[{"name":"wp","href":"https:\/\/api.w.org\/{rel}","templated":true}]}}