{"id":324514,"date":"2015-10-27T08:15:28","date_gmt":"2015-10-27T07:15:28","guid":{"rendered":"https:\/\/www.focolare.org\/bartolome-i-maestro-en-cultura-de-la-unidad\/"},"modified":"2024-05-16T14:51:04","modified_gmt":"2024-05-16T12:51:04","slug":"bartolome-i-maestro-en-cultura-de-la-unidad","status":"publish","type":"post","link":"https:\/\/www.focolare.org\/es\/bartolome-i-maestro-en-cultura-de-la-unidad\/","title":{"rendered":"Bartolom\u00e9 I, maestro en Cultura de la Unidad"},"content":{"rendered":"<p><div id=\"attachment_130374\" style=\"width: 390px\" class=\"wp-caption alignleft\"><a href=\"https:\/\/www.focolare.org\/wp-content\/uploads\/2015\/10\/2151027-02.jpg\"><img loading=\"lazy\" decoding=\"async\" aria-describedby=\"caption-attachment-130374\" class=\"wp-image-130374\" src=\"https:\/\/www.focolare.org\/wp-content\/uploads\/2015\/10\/2151027-02.jpg\" alt=\"2151027-02\" width=\"380\" height=\"254\" \/><\/a><p id=\"caption-attachment-130374\" class=\"wp-caption-text\">\u00a9 CSC Audiovisualesvi<\/p><\/div>  El 26 de octubre, <strong>Bartolom\u00e9 I hizo un recorrido de las relaciones entre las dos iglesias \u201chermanas\u201d, <\/strong>en su <em>lectio magistralis<\/em> despu\u00e9s de la entrega del t\u00edtulo de doctor en Cultura de la Unidad por parte del <a href=\"http:\/\/www.iu-sophia.org\/\">Instituto Universitario Sophia<\/a>.. Son relaciones que quedaron marcadas por signos de incomprensiones que desde hace tiempo han emprendido el camino hacia la unidad, desde que se revocaron las excomuniones rec\u00edprocas y los pasos dados por figuras de relieve como <strong>Pablo VI y Aten\u00e1goras I<\/strong>, de quien Bartolom\u00e9 recoge hoy la herencia. Sigue el camino con el Papa Francisco, quien recientemente hizo un llamado precisamente sobre el valor de la \u201csinodalidad\u201d como elemento clave para guiar la Iglesia de Cristo. Han sido varias las ocasiones en las que se ha evidenciado la sinton\u00eda entre el Papa y el Patriarca. En su mensaje, le\u00eddo por el Card. Betori, el Papa Francisco se dirige \u201cal amado hermano Bartolom\u00e9\u201d para subrayar el \u201ccamino com\u00fan de nuestras iglesias hacia la unidad plena y visible, hacia la cual \u2013escribe- apuntamos con dedicaci\u00f3n y perseverancia\u201d. <strong>Fue un mensaje que lleg\u00f3 profundamente al coraz\u00f3n del Patriarca, <\/strong>quien manifest\u00f3 que estaba \u201cmuy feliz\u201d y dijo que \u201cregresaba a Estambul m\u00e1s fuerte, m\u00e1s seguro\u201d por el hecho de tener en Roma \u201cun hermano que quiere trabajar con nosotros y rezar para acelerar la unidad de nuestras iglesias\u201d y al cual responder enviando el \u201cBeso de la paz\u201d e invocando la oraci\u00f3n <em>ad multos annos<\/em> por el Papa Francisco.  <div id=\"attachment_130372\" style=\"width: 390px\" class=\"wp-caption alignright\"><a href=\"https:\/\/www.focolare.org\/wp-content\/uploads\/2015\/10\/2151027-01.jpg\"><img loading=\"lazy\" decoding=\"async\" aria-describedby=\"caption-attachment-130372\" class=\"wp-image-130372\" src=\"https:\/\/www.focolare.org\/wp-content\/uploads\/2015\/10\/2151027-01.jpg\" alt=\"2151027-01\" width=\"380\" height=\"254\" \/><\/a><p id=\"caption-attachment-130372\" class=\"wp-caption-text\">\u00a9 CSC Audiovisuales<\/p><\/div>  <strong>Se respira la historia, la que ha visto la \u201cfalta de reconocimiento del otro <\/strong>como cristiano\u201d, hasta llegar a los \u201cprotagonistas de la nueva primavera de la Iglesia, aqu\u00e9llos que hacen de la unidad el centro de la propia acci\u00f3n pastoral por el bien de todos\u201d, con el \u00fanico deseo de \u201chacer que avancen los caminos de Dios\u201d. Se respira futuro, en el que tanto la Iglesia como las instituciones humanas entender\u00e1n que \u201clas diversidades son un don y no una contraposici\u00f3n, una riqueza y no un desequilibrio, vida y no muerte\u201d, como dijo el Patriarca en su discurso.  <strong>Estamos en la ciudadela del Movimiento de los Focolares en <\/strong><a href=\"http:\/\/www.loppiano.it\/\">Loppiano<\/a>, donde tiene su sede el Instituto Universitario Sophia. Con la solemne ceremonia se inaugura el 8\u00b0 a\u00f1o acad\u00e9mico. Con motivo del excepcional evento \u2013la presencia de Su Santidad Bartolom\u00e9 I- est\u00e1n presentes, m\u00e1s de mil personas, varias delegaciones de la Iglesia ortodoxa, representantes de la Iglesia cat\u00f3lica, autoridades civiles, docentes de varios ateneos vinculados a Sophia, una comunidad musulmana. Se registraron a su vez, m\u00e1s de 4mil accesos a la directa por Internet.  <div id=\"attachment_130376\" style=\"width: 390px\" class=\"wp-caption alignleft\"><a href=\"https:\/\/www.focolare.org\/wp-content\/uploads\/2015\/10\/2151027-03.jpg\"><img loading=\"lazy\" decoding=\"async\" aria-describedby=\"caption-attachment-130376\" class=\"wp-image-130376\" src=\"https:\/\/www.focolare.org\/wp-content\/uploads\/2015\/10\/2151027-03.jpg\" alt=\"2151027-03\" width=\"380\" height=\"252\" \/><\/a><p id=\"caption-attachment-130376\" class=\"wp-caption-text\">\u00a9 CSC Audiovisuales<\/p><\/div>  <strong>El reconocimiento que se le atribuy\u00f3 al Patriarca de Constantinopla, expresa la gratitud <\/strong>\u201cpor ese entramado paciente, valiente y laborioso de una Cultura de la Unidad\u201d, del que es un \u201cprotagonista, amado y escuchado en la escena internacional, del di\u00e1logo en vista de la plena unidad entre las Iglesias, del encuentro entre diversas tradiciones y experiencias religiosas, en la cooperaci\u00f3n entre hombres y mujeres de todas las convicciones que caminan por los senderos de la fraternidad\u201d, dijo el Prof. Piero Coda, Rector del Instituto. En una entrevista al margen afirma adem\u00e1s \u2013explicando la cultura de la unidad- que no se trata de una utop\u00eda, sino de una \u201cinspiraci\u00f3n, mediante la cual <a href=\"https:\/\/www.focolare.org\/es\/chiara-lubich\/\">Chiara Lubich<\/a> comprendi\u00f3 que el carisma de la unidad, que Dios le hab\u00eda donado, pod\u00eda llegar a ser tambi\u00e9n una expresi\u00f3n cultural, para saber encauzar la existencia hacia nuevas fronteras, motivo por el cual naci\u00f3 el Instituto Universitario Sophia\u201d.  <a href=\"https:\/\/www.focolare.org\/es\/news\/2014\/09\/15\/maria-voce\/\">Mar\u00eda Voce<\/a><strong>, presidente de los Focolares, en nombre de todo el Movimiento, <\/strong>expres\u00f3 al Patriarca la alegr\u00eda y el honor de haberlo podido recibir en la ciudadela de Loppiano, subrayando el papel de relieve que los Focolares le atribuyen como personalidad espiritual e intelectual y el valor de su testimonio y de sus \u201cllamamientos a la justicia y a la protecci\u00f3n del ambiente como casa com\u00fan de los pueblos\u201d. \u201c<strong>El di\u00e1logo es nuestra prioridad com\u00fan\u201d, <\/strong>continu\u00f3 Mar\u00eda Voce, con el deseo de \u201cproseguir el camino en plena armon\u00eda de ideales y testimonios de vida\u201d. En una pr\u00f3xima etapa, record\u00f3 Bartolom\u00e9 I en una entrevista al final de la ceremonia, que tendr\u00e1 lugar en noviembre, en Estambul, en la que converger\u00e1n los <a href=\"https:\/\/www.focolare.org\/es\/movimento-dei-focolari\/scelte-e-impegno\/vescovi\/\">obispos de varias iglesias<\/a> amigos de los Focolares, \u201ctendremos la posibilidad de expresar nuestra voluntad de trabajar por la unidad de nuestras Iglesias. Nosotros estamos felices, estamos listos para acogerlos e intercambiar el beso de la paz entre Oriente y Occidente\u201d.  <strong>Unidad en la diversidad es una de las \u201c<u>expresiones <\/u>nuevas\u201d que se dijeron <\/strong>y que el Rector Piero Coda subray\u00f3 con fuerza. El Evangelio no es uniformidad, sino valoraci\u00f3n de las diferencias. Estas son unidad en la medida en que, brotando de una \u00fanica fuente, se relacionan entre ellas, es decir, saben descubrir rec\u00edprocamente los dones de los que cada uno es portador. Por lo tanto la diversidad es la flor de la unidad cuando es vivida como relaci\u00f3n, es decir, como fraternidad, como comuni\u00f3n\u201d.  <strong>\u201cY precisamente a partir de la aceptaci\u00f3n de la diversidad \u2013concluy\u00f3 el Patriarca- <\/strong>mediante el di\u00e1logo del amor, el respeto rec\u00edproco, la aceptaci\u00f3n del Otro y nuestra disponibilidad a acoger y a ser acogidos, es que podremos llegar a ser para el mundo <em>\u00edconos de Cristo<\/em> y como \u00c9l, en la unidad, ser tambi\u00e9n diversidad\u201d.  <a href=\"http:\/\/www.loppiano.it\/streaming\/C\/Streaming_loppiano-1820762LUO5452063023\">Volver a ver la transmisi\u00f3n via streaming<\/a>  <a href=\"https:\/\/www.focolare.org\/press\/files\/2015\/10\/20151026MessaggioPapaFrancesco.pdf\" target=\"_blank\" rel=\"noopener\">Mensaje del Papa Francisco (italiano)<\/a>  <a href=\"https:\/\/www.focolare.org\/wp-content\/uploads\/2015\/10\/20151027_Patriarca-Bartolomeo-I_Loppiano_dottorato_CS.pdf\">Nota de Prensa (italiano) <\/a><\/p>\n","protected":false},"excerpt":{"rendered":"<p>\u201cUn necesario reconocimiento por su compromiso en la promoci\u00f3n de la cultura de la unidad, que contribuye al camino com\u00fan de nuestras iglesias hacia la unidad plena y visible\u201d, as\u00ed dijo el Papa Francisco en su mensaje al Patriarca de Constantinopla.<\/p>\n","protected":false},"author":34,"featured_media":0,"comment_status":"open","ping_status":"open","sticky":false,"template":"","format":"standard","meta":{"give_campaign_id":0,"_seopress_robots_primary_cat":"","_seopress_titles_title":"","_seopress_titles_desc":"","_seopress_robots_index":"","_et_pb_use_builder":"","_et_pb_old_content":"","_et_gb_content_width":"","footnotes":""},"categories":[904],"tags":[],"class_list":["post-324514","post","type-post","status-publish","format-standard","hentry","category-focolare-worldwide-2-2"],"_links":{"self":[{"href":"https:\/\/www.focolare.org\/es\/wp-json\/wp\/v2\/posts\/324514","targetHints":{"allow":["GET"]}}],"collection":[{"href":"https:\/\/www.focolare.org\/es\/wp-json\/wp\/v2\/posts"}],"about":[{"href":"https:\/\/www.focolare.org\/es\/wp-json\/wp\/v2\/types\/post"}],"author":[{"embeddable":true,"href":"https:\/\/www.focolare.org\/es\/wp-json\/wp\/v2\/users\/34"}],"replies":[{"embeddable":true,"href":"https:\/\/www.focolare.org\/es\/wp-json\/wp\/v2\/comments?post=324514"}],"version-history":[{"count":0,"href":"https:\/\/www.focolare.org\/es\/wp-json\/wp\/v2\/posts\/324514\/revisions"}],"wp:attachment":[{"href":"https:\/\/www.focolare.org\/es\/wp-json\/wp\/v2\/media?parent=324514"}],"wp:term":[{"taxonomy":"category","embeddable":true,"href":"https:\/\/www.focolare.org\/es\/wp-json\/wp\/v2\/categories?post=324514"},{"taxonomy":"post_tag","embeddable":true,"href":"https:\/\/www.focolare.org\/es\/wp-json\/wp\/v2\/tags?post=324514"}],"curies":[{"name":"wp","href":"https:\/\/api.w.org\/{rel}","templated":true}]}}