{"id":324540,"date":"2015-11-03T05:00:14","date_gmt":"2015-11-03T04:00:14","guid":{"rendered":"https:\/\/www.focolare.org\/el-evangelio-vivido-todos-son-candidatos-a-la-unidad\/"},"modified":"2024-05-16T14:51:08","modified_gmt":"2024-05-16T12:51:08","slug":"el-evangelio-vivido-todos-son-candidatos-a-la-unidad","status":"publish","type":"post","link":"https:\/\/www.focolare.org\/es\/el-evangelio-vivido-todos-son-candidatos-a-la-unidad\/","title":{"rendered":"El Evangelio vivido: todos son candidatos a la unidad"},"content":{"rendered":"<p><strong>En el \u00f3mnibus<\/strong>  En el \u00f3mnibus 45 que tomo todos los d\u00edas para ir al trabajo sube un hombre de evidente mal humor.\u00a0 La gente que percibe su estado an\u00edmico, le deja lugar y se aleja. Yo en cambio, me quedo donde estoy y lo ayudo a acomodar las bolsas de nylon que trae en las manos. Mi jornada parece que se convierte en algo m\u00e1s luminoso. Otro d\u00eda, en el mismo \u00f3mnibus, otra vez sube ese hombre. Apenas me ve, viene enseguida a saludarme. Y esto sigue sucediendo. Basta con hacer muy poco para que el otro, cualquier pr\u00f3jimo que encuentro en mi jornada, se sienta escuchado y amado. E. M. <a href=\"https:\/\/www.focolare.org\/es\/focolare-worldwide\/europa\/ungheria\/\">Hungr\u00eda<\/a>  <img loading=\"lazy\" decoding=\"async\" class=\"  wp-image-130722 alignleft\" src=\"https:\/\/www.focolare.org\/wp-content\/uploads\/2015\/11\/20151003-01.jpg\" alt=\"20151003-01\" width=\"283\" height=\"177\" \/><strong>Tatuajes<\/strong>  En el tren, me siento al lado de una chica y un chico que est\u00e1n cubiertos de tatuajes de car\u00e1cter sat\u00e1nico. Mi propensi\u00f3n a buscar el lado positivo en los dem\u00e1s me hace pensar que los dos tendr\u00e1n un motivo para exhibir ciertos s\u00edmbolos. Despu\u00e9s de un momento de duda, me animo y les pregunto por el sentido de esos tatuajes. Sus ojos se encienden. Se alternan en sus respuestas, pero con mucha dulzura me dicen: \u00abLe agradecemos por esta pregunta. En general la gente nos juzga y en el mejor de los casos, ni nos mira. No somos lo que aparentamos, s\u00f3lo queremos darle una cachetada a esta sociedad paralizada y sin m\u00e9dula espinal\u00bb. M.I. \u2013 <a href=\"https:\/\/www.focolare.org\/es\/focolare-worldwide\/europa\/francia\/\">Francia<\/a>  <strong>Un cochecito para Jamal<\/strong>  Era un domingo por la tarde. Jamal, un conocido m\u00edo que es obrero marroqu\u00ed, me hab\u00eda traido manzanas. Hablando con \u00e9l, me enter\u00e9 de que en diciembre iba a tener un hijo. Pero no ten\u00eda nada de las cosas necesarias para el beb\u00e9 y sobre todo, necesitaba un cochecito. Despu\u00e9s de haberlo escuchado atentamente, se me ocurri\u00f3 una idea: \u00ab\u00bfPor qu\u00e9 no le pedimos entre los dos ayuda a Dios? \u00c9l es el mismo para todos, lo puedes llamar con otro nombre, pero es siempre Dios. El sabr\u00e1 qu\u00e9 hacer para conseguir el cochecito\u00bb. A Jamal le gust\u00f3 la propuesta. Est\u00e1bamos en el patio, afuera; levantamos los ojos al cielo y rezamos as\u00ed: \u00abSe\u00f1or Dios, haznos llegar un cochecito. Oc\u00fapate t\u00fa\u00bb. \u00c9ramos un joven musulm\u00e1n y una mujer cat\u00f3lica. Dos credos distintos, sin embargo est\u00e1bamos unidos al pedir. Dios escuch\u00f3 nuestra oraci\u00f3n: el jueves siguiente lleg\u00f3 el cochecito que hab\u00edamos pedido. M. \u2013 <a href=\"https:\/\/www.focolare.org\/es\/focolare-worldwide\/europa\/italia\/\">Italia<\/a><\/p>\n","protected":false},"excerpt":{"rendered":"<p>\u201cPara que todos sean una sola cosa\u201d, la oraci\u00f3n de Jes\u00fas antes de morir es la frase elegida para vivir durante el mes de noviembre. Breves comentarios de algunos que ya trataron de practicarla.<\/p>\n","protected":false},"author":34,"featured_media":0,"comment_status":"open","ping_status":"open","sticky":false,"template":"","format":"standard","meta":{"give_campaign_id":0,"_seopress_robots_primary_cat":"","_seopress_titles_title":"","_seopress_titles_desc":"","_seopress_robots_index":"","_et_pb_use_builder":"","_et_pb_old_content":"","_et_gb_content_width":"","footnotes":""},"categories":[905],"tags":[],"class_list":["post-324540","post","type-post","status-publish","format-standard","hentry","category-senza-categoria-2-2"],"_links":{"self":[{"href":"https:\/\/www.focolare.org\/es\/wp-json\/wp\/v2\/posts\/324540","targetHints":{"allow":["GET"]}}],"collection":[{"href":"https:\/\/www.focolare.org\/es\/wp-json\/wp\/v2\/posts"}],"about":[{"href":"https:\/\/www.focolare.org\/es\/wp-json\/wp\/v2\/types\/post"}],"author":[{"embeddable":true,"href":"https:\/\/www.focolare.org\/es\/wp-json\/wp\/v2\/users\/34"}],"replies":[{"embeddable":true,"href":"https:\/\/www.focolare.org\/es\/wp-json\/wp\/v2\/comments?post=324540"}],"version-history":[{"count":0,"href":"https:\/\/www.focolare.org\/es\/wp-json\/wp\/v2\/posts\/324540\/revisions"}],"wp:attachment":[{"href":"https:\/\/www.focolare.org\/es\/wp-json\/wp\/v2\/media?parent=324540"}],"wp:term":[{"taxonomy":"category","embeddable":true,"href":"https:\/\/www.focolare.org\/es\/wp-json\/wp\/v2\/categories?post=324540"},{"taxonomy":"post_tag","embeddable":true,"href":"https:\/\/www.focolare.org\/es\/wp-json\/wp\/v2\/tags?post=324540"}],"curies":[{"name":"wp","href":"https:\/\/api.w.org\/{rel}","templated":true}]}}