{"id":324548,"date":"2015-11-06T14:33:01","date_gmt":"2015-11-06T13:33:01","guid":{"rendered":"https:\/\/www.focolare.org\/juntos-por-europa-encuentro-reconciliacion-futuro\/"},"modified":"2024-05-16T14:51:11","modified_gmt":"2024-05-16T12:51:11","slug":"juntos-por-europa-encuentro-reconciliacion-futuro","status":"publish","type":"post","link":"https:\/\/www.focolare.org\/es\/juntos-por-europa-encuentro-reconciliacion-futuro\/","title":{"rendered":"\u00abJuntos por Europa. Encuentro. Reconciliaci\u00f3n. Futuro\u00bb"},"content":{"rendered":"<p>El evento se articula en un <a href=\"http:\/\/www.together4europe.org\/it\/ipe-2016\/303-congresso.html\" target=\"_blank\" rel=\"noopener\">Congreso <\/a>(30 Junio \u2013 1 Julio 2016) y una manifestaci\u00f3n p\u00fablica al aire libre al d\u00eda siguiente (2 de Julio de 2016) mediante la cual se quiere transmitir un signo fuerte de esperanza.  A trav\u00e9s de varias intervenciones, testimonios, cantos, oraciones, se desea dar testimonio de que la unidad es posible, que la reconciliaci\u00f3n es la puerta para la <strong>unidad en la diversidad <\/strong>\u2013como se ha experimentado desde hace m\u00e1s de 15 a\u00f1os en el conjunto de Comunidades y Movimientos de varias Iglesias.  <strong>La unidad <\/strong><strong>es posible.<\/strong> Viviendo el Evangelio de Jesucristo se pueden superar las divisiones entre las personas, entre las poblaciones y partidos, entre culturas y tambi\u00e9n entre Iglesias y confesiones cristianas.  Los \u00ab7 S\u00ed\u00bb resumen el compromiso por Europa de las Comunidades y Movimientos cristianos de Juntos por Europa 2016.  <a href=\"http:\/\/www.together4europe.org\/archive\/monaco-2016\/\" target=\"_blank\" rel=\"noopener\">Programa del evento<\/a><\/p>\n","protected":false},"excerpt":{"rendered":"<p>Encuentro internacional en M\u00fanich (Baviera) de las comunidades y Movimientos cristianos de Juntos por Europa.<\/p>\n","protected":false},"author":34,"featured_media":0,"comment_status":"open","ping_status":"open","sticky":false,"template":"","format":"standard","meta":{"give_campaign_id":0,"_seopress_robots_primary_cat":"","_seopress_titles_title":"","_seopress_titles_desc":"","_seopress_robots_index":"","_et_pb_use_builder":"","_et_pb_old_content":"","_et_gb_content_width":"","footnotes":""},"categories":[46],"tags":[],"class_list":["post-324548","post","type-post","status-publish","format-standard","hentry","category-sin-categorizar"],"_links":{"self":[{"href":"https:\/\/www.focolare.org\/es\/wp-json\/wp\/v2\/posts\/324548","targetHints":{"allow":["GET"]}}],"collection":[{"href":"https:\/\/www.focolare.org\/es\/wp-json\/wp\/v2\/posts"}],"about":[{"href":"https:\/\/www.focolare.org\/es\/wp-json\/wp\/v2\/types\/post"}],"author":[{"embeddable":true,"href":"https:\/\/www.focolare.org\/es\/wp-json\/wp\/v2\/users\/34"}],"replies":[{"embeddable":true,"href":"https:\/\/www.focolare.org\/es\/wp-json\/wp\/v2\/comments?post=324548"}],"version-history":[{"count":0,"href":"https:\/\/www.focolare.org\/es\/wp-json\/wp\/v2\/posts\/324548\/revisions"}],"wp:attachment":[{"href":"https:\/\/www.focolare.org\/es\/wp-json\/wp\/v2\/media?parent=324548"}],"wp:term":[{"taxonomy":"category","embeddable":true,"href":"https:\/\/www.focolare.org\/es\/wp-json\/wp\/v2\/categories?post=324548"},{"taxonomy":"post_tag","embeddable":true,"href":"https:\/\/www.focolare.org\/es\/wp-json\/wp\/v2\/tags?post=324548"}],"curies":[{"name":"wp","href":"https:\/\/api.w.org\/{rel}","templated":true}]}}