{"id":324576,"date":"2015-11-17T10:00:27","date_gmt":"2015-11-17T09:00:27","guid":{"rendered":"https:\/\/www.focolare.org\/religiones-por-la-paz-del-miedo-a-la-confianza\/"},"modified":"2024-05-16T14:51:16","modified_gmt":"2024-05-16T12:51:16","slug":"religiones-por-la-paz-del-miedo-a-la-confianza","status":"publish","type":"post","link":"https:\/\/www.focolare.org\/es\/religiones-por-la-paz-del-miedo-a-la-confianza\/","title":{"rendered":"Religiones por la Paz &#8211; del miedo a la confianza"},"content":{"rendered":"<p><strong><a href=\"https:\/\/www.focolare.org\/wp-content\/uploads\/2015\/11\/RfP-06.jpg\"><img loading=\"lazy\" decoding=\"async\" class=\"wp-image-131254 alignleft\" src=\"https:\/\/www.focolare.org\/wp-content\/uploads\/2015\/11\/RfP-06.jpg\" alt=\"RfP-06\" width=\"380\" height=\"265\" \/><\/a>A 8 a\u00f1os de la \u00faltima reuni\u00f3n continental, <\/strong>desarrollada tambi\u00e9n en aquella ocasi\u00f3n en Italia, representantes de distintas confesiones y tradiciones religiosas presentes en Europa se confrontaron durante algunos d\u00edas (Castel Gandolfo, 28 \u2013 31 de octubre). El miedo a lo distinto, al otro, al extranjero, son sentimientos que se agudizan cada vez despu\u00e9s de eventos tr\u00e1gicos como los sucedidos estos d\u00edas en Par\u00eds y llevan a la islamofobia y cristianofobia. Frente a esto es necesario captar las grandes oportunidades que se abren a nivel continental, sobre todo para las j\u00f3venes generaciones.  <strong>\u201cLa horrible matanza terrorista de Par\u00eds, reconozc\u00e1moslo, es un profundo dolor para todos y tal vez a\u00fan m\u00e1s<\/strong> para cuantos se empe\u00f1an en favorecer la coexistencia pac\u00edfica fundada en el valor de la dignidad humana y en el respeto positivo de las diferencias, declara religiones por la Paz inmediatamente despu\u00e9s de los atentados del 13 de noviembre: \u201c Toda persona de buena voluntad \u2013continua- puede contribuir a fin que <strong>el Miedo no tome posesi\u00f3n definitiva en nuestros corazones <\/strong>y en nuestras mentes con toda la carga de violencia y destrucci\u00f3n que la misma inevitablemente comporta\u201d.  <strong><a href=\"https:\/\/www.focolare.org\/wp-content\/uploads\/2015\/11\/RfP_01.jpg\"><img loading=\"lazy\" decoding=\"async\" class=\"alignright wp-image-131255\" src=\"https:\/\/www.focolare.org\/wp-content\/uploads\/2015\/11\/RfP_01.jpg\" alt=\"RfP_01\" width=\"400\" height=\"160\" \/><\/a>Ir <em>\u201cdel miedo a la confianza\u201d <\/em>\u2013 <em>Acogi\u00e9ndonos el uno al otro, <\/em> <\/strong>\u2013 dec\u00eda el t\u00edtulo del congreso que ha reunido a una cincuentena de j\u00f3venes y ciento cincuenta adultos. Entre los participantes hab\u00eda algunos representantes de relieve de distintas tradiciones religiosas. Experiencias positivas de di\u00e1logo y de integraci\u00f3n, narradas por sus protagonistas provenientes de diversos pa\u00edses de Europa han constituido las <em>buenas pr\u00e1cticas<\/em> que, compartidas por todos, resultaron particularmente eficaces. Los trabajos, en la sesi\u00f3n plenaria y en los talleres, han tratado de responder a los desaf\u00edos que el continente europeo enfrenta hoy, tanto frente a las oleadas migratorias, como por el crecimiento de<strong> sentimientos personales y grupales de car\u00e1cter racista. <\/strong>Una atenci\u00f3n especial fue dada al rol de los medios de comunicaci\u00f3n, y a la posibilidad que los mismos tienen de manipular en sentido negativo la opini\u00f3n p\u00fablica, aumentando los miedos en detrimento de lo positivo que existe y que no es noticia. De la presentaci\u00f3n de los j\u00f3venes surgi\u00f3 una s\u00edntesis de la Europa multi\u00e9tnica, multicultural y multireligiosa que, m\u00e1s que una proyecci\u00f3n futura, es ya una realidad en la que pueden empe\u00f1arse las j\u00f3venes generaciones para trabajar, a fin que haya relaciones constructivas entre personas de distintas tradiciones.  De los cuatro d\u00edas de trabajo surgi\u00f3 un perfil actualizado del papel de <a href=\"http:\/\/www.rfp-europe.eu\/\" target=\"_blank\" rel=\"noopener\"><em>Religiones por la Paz<\/em> en Europa<\/a>. El organismo, que ya tiene varios decenios de actividad, hoy est\u00e1\u065e llamado a coordinar y a trabajar en colaboraci\u00f3n y en <em>net-working<\/em> con otras organizaciones empe\u00f1adas activamente tanto en el campo del di\u00e1logo interreligioso e intercultural como en la acogida y la integraci\u00f3n.  Un empe\u00f1o que, mientras manifiesta \u201cla fraterna cercan\u00eda a los familiares y a los amigos de las v\u00edctimas inocentes y a todo el pueblo franc\u00e9s, a trav\u00e9s del afecto y la oraci\u00f3n\u201d, se renueva en el deseo de \u201ccontinuar en la acci\u00f3n com\u00fan por la justicia y la paz\u201d.  Lee tambi\u00e9n: <a href=\"https:\/\/www.focolare.org\/es\/news\/2015\/10\/29\/protagonisti-nel-costruire-un-mondo-di-pace\/\">Protagonistas en el construir un mundo de paz<\/a> \u2013 discurso de la presidente de los Focolares <a href=\"https:\/\/www.focolare.org\/es\/news\/2014\/09\/15\/maria-voce\/\">Maria Voce<\/a> en la apertura de los trabajos.<\/p>\n","protected":false},"excerpt":{"rendered":"<p>El t\u00edtulo de la reciente asamblea de Religiones por la Paz Europa resuena m\u00e1s actual que nunca actual. Es un tema candente en la Europa de hoy.<\/p>\n","protected":false},"author":34,"featured_media":0,"comment_status":"open","ping_status":"open","sticky":false,"template":"","format":"standard","meta":{"give_campaign_id":0,"_seopress_robots_primary_cat":"","_seopress_titles_title":"","_seopress_titles_desc":"","_seopress_robots_index":"","_et_pb_use_builder":"","_et_pb_old_content":"","_et_gb_content_width":"","footnotes":""},"categories":[905],"tags":[],"class_list":["post-324576","post","type-post","status-publish","format-standard","hentry","category-senza-categoria-2-2"],"_links":{"self":[{"href":"https:\/\/www.focolare.org\/es\/wp-json\/wp\/v2\/posts\/324576","targetHints":{"allow":["GET"]}}],"collection":[{"href":"https:\/\/www.focolare.org\/es\/wp-json\/wp\/v2\/posts"}],"about":[{"href":"https:\/\/www.focolare.org\/es\/wp-json\/wp\/v2\/types\/post"}],"author":[{"embeddable":true,"href":"https:\/\/www.focolare.org\/es\/wp-json\/wp\/v2\/users\/34"}],"replies":[{"embeddable":true,"href":"https:\/\/www.focolare.org\/es\/wp-json\/wp\/v2\/comments?post=324576"}],"version-history":[{"count":0,"href":"https:\/\/www.focolare.org\/es\/wp-json\/wp\/v2\/posts\/324576\/revisions"}],"wp:attachment":[{"href":"https:\/\/www.focolare.org\/es\/wp-json\/wp\/v2\/media?parent=324576"}],"wp:term":[{"taxonomy":"category","embeddable":true,"href":"https:\/\/www.focolare.org\/es\/wp-json\/wp\/v2\/categories?post=324576"},{"taxonomy":"post_tag","embeddable":true,"href":"https:\/\/www.focolare.org\/es\/wp-json\/wp\/v2\/tags?post=324576"}],"curies":[{"name":"wp","href":"https:\/\/api.w.org\/{rel}","templated":true}]}}