{"id":324612,"date":"2015-11-28T05:00:41","date_gmt":"2015-11-28T04:00:41","guid":{"rendered":"https:\/\/www.focolare.org\/kenia-primera-etapa-del-viaje-africano-del-papa-francisco\/"},"modified":"2024-05-16T14:51:23","modified_gmt":"2024-05-16T12:51:23","slug":"kenia-primera-etapa-del-viaje-africano-del-papa-francisco","status":"publish","type":"post","link":"https:\/\/www.focolare.org\/es\/kenia-primera-etapa-del-viaje-africano-del-papa-francisco\/","title":{"rendered":"Kenia, primera etapa del viaje africano del Papa Francisco"},"content":{"rendered":"<p><strong><img loading=\"lazy\" decoding=\"async\" class=\"alignleft wp-image-131814\" src=\"https:\/\/www.focolare.org\/wp-content\/uploads\/2015\/11\/20151129-06.jpg\" alt=\"20151129-06\" width=\"380\" height=\"266\" \/><\/strong>  <strong> \u201cKaribu Kenya Papa\u201d (Bienvenido a Kenia, Papa). <\/strong>Entre cantos y bailes festivos, en la tarde del 25 de noviembre, el Papa desembarca en <a href=\"https:\/\/www.focolare.org\/es\/focolare-worldwide\/africa\/kenya\/\">Nairobi<\/a> para su primera etapa en tierra africana. Desde el aeropuerto hasta la ciudad, dos alas de multitud acompa\u00f1an el auto papal: un simple auto de color gris.  <strong>Ya desde el primer saludo Francisco expresa su amor por esta \u201cNaci\u00f3n joven y vigorosa, una comunidad con ricas diversidades\u201d.<\/strong> \u201cKenia fue bendecido no s\u00f3lo por la inmensa belleza, de sus monta\u00f1as, sus r\u00edos y lagos, sus selvas, sus sabanas y espacios semi-desiertos, sino tambi\u00e9n su abundancia de recursos naturales\u201d. Y contin\u00faa: \u201cEn un mundo que sigue explotando estas riquezas en lugar de proteger la casa com\u00fan\u201d, auspicio que sus valores inspiren \u201clos esfuerzos de los gobernantes en la promoci\u00f3n de modelos responsables de desarrollo econ\u00f3mico\u201d.  <strong>La agenda papal es intens\u00edsima: <\/strong>encuentro con el clero, al que \u2018regala\u2019 tres palabras: llorar, rezar, servir; el encuentro con los representantes de la ONU de Nairobi, a quienes pide un \u2018cambio de ruta\u201d, de modo que la econom\u00eda y la pol\u00edtica se pongan al servicio de la persona a fin de que desaparezcan enfermedades como la malaria y la tuberculosis, que se contin\u00fae luchando contra la deforestaci\u00f3n y se orienten hacia un comercio m\u00e1s igualitario y a un desarrollo que tenga en cuenta a los pobres.  <img loading=\"lazy\" decoding=\"async\" class=\"alignright wp-image-131812\" src=\"https:\/\/www.focolare.org\/wp-content\/uploads\/2015\/11\/20151129-04.jpg\" alt=\"20151129-04\" width=\"280\" height=\"371\" \/><strong>Fue significativo el encuentro<\/strong> con los l\u00edderes de las diversas iglesias y de las comunidades musulmanas y animistas<strong>,<\/strong> en donde afirm\u00f3 que el <a href=\"https:\/\/www.focolare.org\/es\/in-dialogo\/chiese-cristiane\/\">di\u00e1logo ecum\u00e9nico<\/a> e <a href=\"https:\/\/www.focolare.org\/es\/in-dialogo\/grandi-religioni\/\">interreligioso<\/a> no son un lujo ni una opci\u00f3n. Despu\u00e9s dijo con fuerza, esa frase que tuvo eco en todo el mundo: \u201cQue nunca el santo nombre de Dios sea utilizado para justificar el odio y la violencia\u201d  <strong>El 27, \u00faltimo d\u00eda en Nairobi, fue a Kangemi, un barrio muy pobre <\/strong>donde se concentra la degradaci\u00f3n humana y ambiental que lo impuls\u00f3 a convertirse en el palad\u00edn ante la ONU. Lo esperaban 100 mil personas, tambi\u00e9n aqu\u00ed bailando y cantando. Y Francisco no los decepciona: \u201cMe siento en casa\u201d, dijo. \u201cComparto este momento con ustedes, hermanos y hermanas, que tienen un lugar especial en mi vida y en mis elecciones. Sus dolores no me son indiferentes. Conozco los sufrimientos que encuentran. \u00bfC\u00f3mo podemos no denunciar las injusticias sufridas?\u201d  <strong>Antes de partir para <\/strong><a href=\"https:\/\/www.focolare.org\/es\/focolare-worldwide\/africa\/uganda\/\">Uganda<\/a><strong>, en el estadio Kassarani se encuentra con los j\u00f3venes<\/strong> para responder a sus preguntas entre las cuales: \u00bfc\u00f3mo vencer el tribalismo, la corrupci\u00f3n, el reclutamiento de los j\u00f3venes?. \u201cVencer el tribalismo \u2013responde el Papa- es un trabajo de cada d\u00eda, un trabajo de la oreja, escuchar a los otros, un trabajo del coraz\u00f3n, abrirlo a los otros, y un trabajo de la mano, estrecharse la mano uno al otro\u201d. \u201cLa corrupci\u00f3n es algo que se insin\u00faa dentro nuestro, es como el az\u00facar, es dulce, nos gusta, es f\u00e1cil, pero luego terminamos mal\u201d. Y, \u00bfc\u00f3mo superar la radicalizaci\u00f3n?. \u201cLo primero que debemos hacer para evitar que un joven sea reclutado es darle educaci\u00f3n y trabajo\u201d.  <strong>Cada encuentro suyo es desbordante de afecto, cercan\u00eda, amor.<\/strong> Y el pueblo responde expresando gratitud, alegr\u00eda, esperanza. El tema de la inculturaci\u00f3n del Evangelio es uno de los desaf\u00edos m\u00e1s significativos en estas tierras, en las cuales se debe tener en cuenta varios aspectos, percibidos como valores, preexistentes al cristianismo: la visi\u00f3n familiar, el rol del clan, la poligamia tribal y la musulmana, etc.  <strong>Es un desaf\u00edo que tambi\u00e9n los Focolares han acogido desde su llegada a \u00c1frica, en los a\u00f1os \u201960,<\/strong> y que contin\u00faa comprometi\u00e9ndolos en una sincera b\u00fasqueda con las personas del lugar, en el esp\u00edritu de la reciprocidad.  <strong>Un camino que trajo <\/strong><a href=\"https:\/\/www.focolare.org\/es\/chiara-lubich\/chi-e-chiara\/\">Chiara Lubich<\/a><strong> en 1992 fundando, justo aqu\u00ed en Nairobi, <\/strong><a href=\"https:\/\/www.focolare.org\/es\/news\/2015\/11\/27\/19-maggio-1992-prima-pietra-della-mariapoli-piero-in-kenya\/\">una ciudadela de testimonio <\/a>donde se realizan cursos de inculturaci\u00f3n especializados. El pr\u00f3ximo tendr\u00e1 lugar en mayo de 2016 donde participar\u00e1n tambi\u00e9n <a href=\"https:\/\/www.focolare.org\/es\/news\/2014\/09\/15\/maria-voce\/\">Mar\u00eda Voce<\/a> y <a href=\"https:\/\/www.focolare.org\/es\/news\/2014\/09\/17\/jesus-moran-cepedano\/\">Jes\u00fas Mor\u00e1n<\/a> presidente y co-presidente de los Focolares respectivamente.<\/p>\n","protected":false},"excerpt":{"rendered":"<p>Mar\u00eda Voce, presidente de los Focolares, interviene en el Encuentro Ecum\u00e9nico de los obispos de Halki (Turqu\u00eda): nueva fuerza y esperanza en el camino hacia la unidad de las iglesias.<\/p>\n","protected":false},"author":34,"featured_media":0,"comment_status":"open","ping_status":"open","sticky":false,"template":"","format":"standard","meta":{"give_campaign_id":0,"_seopress_robots_primary_cat":"","_seopress_titles_title":"","_seopress_titles_desc":"","_seopress_robots_index":"","_et_pb_use_builder":"","_et_pb_old_content":"","_et_gb_content_width":"","footnotes":""},"categories":[904],"tags":[],"class_list":["post-324612","post","type-post","status-publish","format-standard","hentry","category-focolare-worldwide-2-2"],"_links":{"self":[{"href":"https:\/\/www.focolare.org\/es\/wp-json\/wp\/v2\/posts\/324612","targetHints":{"allow":["GET"]}}],"collection":[{"href":"https:\/\/www.focolare.org\/es\/wp-json\/wp\/v2\/posts"}],"about":[{"href":"https:\/\/www.focolare.org\/es\/wp-json\/wp\/v2\/types\/post"}],"author":[{"embeddable":true,"href":"https:\/\/www.focolare.org\/es\/wp-json\/wp\/v2\/users\/34"}],"replies":[{"embeddable":true,"href":"https:\/\/www.focolare.org\/es\/wp-json\/wp\/v2\/comments?post=324612"}],"version-history":[{"count":0,"href":"https:\/\/www.focolare.org\/es\/wp-json\/wp\/v2\/posts\/324612\/revisions"}],"wp:attachment":[{"href":"https:\/\/www.focolare.org\/es\/wp-json\/wp\/v2\/media?parent=324612"}],"wp:term":[{"taxonomy":"category","embeddable":true,"href":"https:\/\/www.focolare.org\/es\/wp-json\/wp\/v2\/categories?post=324612"},{"taxonomy":"post_tag","embeddable":true,"href":"https:\/\/www.focolare.org\/es\/wp-json\/wp\/v2\/tags?post=324612"}],"curies":[{"name":"wp","href":"https:\/\/api.w.org\/{rel}","templated":true}]}}