{"id":324616,"date":"2015-11-29T04:00:55","date_gmt":"2015-11-29T03:00:55","guid":{"rendered":"https:\/\/www.focolare.org\/esperando-la-navidad\/"},"modified":"2024-05-16T14:51:24","modified_gmt":"2024-05-16T12:51:24","slug":"esperando-la-navidad","status":"publish","type":"post","link":"https:\/\/www.focolare.org\/es\/esperando-la-navidad\/","title":{"rendered":"Esperando la Navidad"},"content":{"rendered":"<p><img loading=\"lazy\" decoding=\"async\" class=\"alignleft wp-image-131802\" src=\"https:\/\/www.focolare.org\/wp-content\/uploads\/2015\/11\/20151129-01.jpg\" alt=\"20151129-01\" width=\"320\" height=\"200\" \/><strong>\u00ab<\/strong><strong>A menudo nosotros somos llevados, por el lenguaje que usamos, a hacernos una idea no exacta <\/strong>de lo que sucedi\u00f3 en Nazaret, en el momento en el que el \u00e1ngel le comunic\u00f3 a la Virgen santa que el Verbo se har\u00eda carne. La mentalidad antropom\u00f3rfica nos lleva a considerar a Dios lejano, en lo alto, en los cielos, que manda a su Hijo a un lugar remoto para hacerse hombre.  <strong>No es as\u00ed. Dios est\u00e1 en todas partes, est\u00e1 en el cielo, en la tierra y en cada lugar. <\/strong>Por lo tanto, Dios estaba en la peque\u00f1a habitaci\u00f3n de la Virgen en Nazaret cuando se le apareci\u00f3 el \u00e1ngel. Pero era infinitamente distante de las criaturas por el abismo de pecado y por su natural peque\u00f1ez.  <strong>Dio<\/strong><strong>s, en el instante que la Virgen pronunci\u00f3 su s\u00ed, <\/strong>en el seno pur\u00edsimo de ella se despos\u00f3 con la naturaleza humana, despos\u00f3 a la criatura, obrando un acercamiento inimaginable entre la divinidad y el universo.  <strong>D<\/strong><strong>esde entonces \u00c9l est\u00e1 en medio nuestro.<\/strong>  <strong>Aquella distancia infinita que nuestra imaginaci\u00f3n ha expresado <\/strong>poniendo a Dios lejos de nosotros, por encima de los cielos, se ve anulada: \u00c9l est\u00e1 en la tierra, \u00c9l es nuestro conciudadano\u00bb.  &nbsp;  <a href=\"https:\/\/www.focolare.org\/es\/chiara-lubich\/chi-e-chiara\/pasquale-foresi\/\">Pascual Foresi<\/a>, <em>Teologia della socialit\u00e0, <\/em>Citt\u00e0 Nuova 1963, p\u00e1g. 66<\/p>\n","protected":false},"excerpt":{"rendered":"<p>El Adviento nos pone delante del desconcertante misterio de un Dios que se compromete a favor de cada uno de nosotros. Una reflexi\u00f3n de Pascual Foresi (1929-2015), el primer focolarino sacerdote y copresidente de los Focolares.<\/p>\n","protected":false},"author":34,"featured_media":0,"comment_status":"open","ping_status":"open","sticky":false,"template":"","format":"standard","meta":{"give_campaign_id":0,"_seopress_robots_primary_cat":"","_seopress_titles_title":"","_seopress_titles_desc":"","_seopress_robots_index":"","_et_pb_use_builder":"","_et_pb_old_content":"","_et_gb_content_width":"","footnotes":""},"categories":[46],"tags":[],"class_list":["post-324616","post","type-post","status-publish","format-standard","hentry","category-sin-categorizar"],"_links":{"self":[{"href":"https:\/\/www.focolare.org\/es\/wp-json\/wp\/v2\/posts\/324616","targetHints":{"allow":["GET"]}}],"collection":[{"href":"https:\/\/www.focolare.org\/es\/wp-json\/wp\/v2\/posts"}],"about":[{"href":"https:\/\/www.focolare.org\/es\/wp-json\/wp\/v2\/types\/post"}],"author":[{"embeddable":true,"href":"https:\/\/www.focolare.org\/es\/wp-json\/wp\/v2\/users\/34"}],"replies":[{"embeddable":true,"href":"https:\/\/www.focolare.org\/es\/wp-json\/wp\/v2\/comments?post=324616"}],"version-history":[{"count":0,"href":"https:\/\/www.focolare.org\/es\/wp-json\/wp\/v2\/posts\/324616\/revisions"}],"wp:attachment":[{"href":"https:\/\/www.focolare.org\/es\/wp-json\/wp\/v2\/media?parent=324616"}],"wp:term":[{"taxonomy":"category","embeddable":true,"href":"https:\/\/www.focolare.org\/es\/wp-json\/wp\/v2\/categories?post=324616"},{"taxonomy":"post_tag","embeddable":true,"href":"https:\/\/www.focolare.org\/es\/wp-json\/wp\/v2\/tags?post=324616"}],"curies":[{"name":"wp","href":"https:\/\/api.w.org\/{rel}","templated":true}]}}