{"id":324666,"date":"2015-12-17T05:00:23","date_gmt":"2015-12-17T04:00:23","guid":{"rendered":"https:\/\/www.focolare.org\/apertura-de-las-puertas-santas-entrevista-a-maria-voce\/"},"modified":"2024-05-16T14:51:34","modified_gmt":"2024-05-16T12:51:34","slug":"apertura-de-las-puertas-santas-entrevista-a-maria-voce","status":"publish","type":"post","link":"https:\/\/www.focolare.org\/es\/apertura-de-las-puertas-santas-entrevista-a-maria-voce\/","title":{"rendered":"Apertura de las Puertas Santas. Entrevista a Maria Voce"},"content":{"rendered":"<p><img loading=\"lazy\" decoding=\"async\" class=\"alignleft wp-image-132499\" src=\"https:\/\/www.focolare.org\/wp-content\/uploads\/2015\/12\/20151214MariaVoceTV2000.jpg\" alt=\"20151214MariaVoceTV2000\" width=\"328\" height=\"170\" \/>\u201c<strong>Bel tempo si spera<\/strong>\u201d, transmisi\u00f3n del canal de televisi\u00f3n cat\u00f3lico TV2000, <strong>ha dedicado el programa del 14 de diciembre a los temas del Jubileo<\/strong>. Y lo ha hecho acompa\u00f1ando a los telespectadores en un viaje por las catedrales del mundo, al d\u00eda siguiente de la apertura de las Puertas Santas. <a href=\"https:\/\/www.focolare.org\/es\/news\/2014\/09\/15\/maria-voce\/\">Maria Voce<\/a> estaba en el estudio, invitada por la presentadora Lucia Ascione.  <strong>Entre una y otra etapa de esta simb\u00f3lica gira<\/strong>, se encamina un di\u00e1logo que se extiende sobre los m\u00e1s variados temas, a partir del significado del Jubileo. \u00abEl a\u00f1o de la misericordia \u2013 declara Maria Voce \u2013 renueva el valor de creer que Dios es Amor. Pienso que en este momento en el que parece que todo se ha hecho relativo, haga falta precisamente un retorno a lo esencial, creer en el Amor\u00bb. Y en otro pasaje: \u00abLamentablemente la cultura actual habla de rabia, de reivindicaciones, de derechos violados, todas cosas que producen tristeza, abatimiento. Nosotros queremos aportar confianza, perd\u00f3n, amor rec\u00edproco. Queremos mirar al mundo como una familia, la familia de los hijos de Dios. Y Dios es misericordia, Dios es Amor\u00bb. \u00abMe gusta recordar \u2013 contin\u00faa la presidente \u2013 que el Papa no ha abierto \u2018la\u2019 Puerta Santa, sino muchas Puertas Santas. Tambi\u00e9n la puerta de la celda en una c\u00e1rcel, ha dicho Francisco, puede ser una Puerta Santa. Es precisamente la se\u00f1al del amor misericordioso del Padre que espera el regreso de todos, sin exclusi\u00f3n de nadie\u00bb.  Lucia Ascione recuerda las palabras del papa Francisco en el <a href=\"https:\/\/www.focolare.org\/es\/news\/2015\/12\/14\/papa-francesco-saluto-al-convegno-costruttori-di-pace\/\">Angelus <\/a>del d\u00eda anterior en relaci\u00f3n al di\u00e1logo de los Focolares con los musulmanes, Maria Voce afirma: \u00abEsta conciliaci\u00f3n entre personas de distintas religiones que nosotros experimentamos no es de ayer, sino que se construye d\u00eda tras d\u00eda, en el tiempo y por todas partes, a trav\u00e9s de relaciones de amistad; en el respeto de las diferencias\u00bb.  \u00abSi es tan sencillo para ustedes \u2013 alega Ascione \u2013 \u00bfpor qu\u00e9 es tan dif\u00edcil para el mundo? \u00bb Maria Voce: \u00abEl Papa ha dicho que lamentablemente hay mucho amor propio. Por el contrario hace falta saber ir m\u00e1s all\u00e1, estar dispuestos a acoger al otro aun cuando sea distinto. Es un amor que se aprende ejercit\u00e1ndolo, yendo al encuentro del otro. Ciertamente, la diversidad nos asusta, nos asusta a todos. Un temor que puede vencerse solamente con el amor. Empu\u00f1ar las armas no conduce a ning\u00fan resultado \u00bb.  \u00ab<a href=\"https:\/\/www.focolare.org\/es\/news\/2015\/04\/22\/maria-voce-allonu-inventare-la-pace\/\">Usted estuvo en la ONU<\/a> \u2013 pregunta la presentadora \u2013 y se ha visto all\u00ed delante de todos. \u00bfQu\u00e9 hizo, presidente? \u00bb. \u00abLes dije que era necesario convertirse, pero no con las palabras. Que es necesario considerar el di\u00e1logo no como uno de los muchos caminos, sino como el \u00fanico factible. Es dif\u00edcil aceptar esta visi\u00f3n porque no se ha comprendido el \u2018esc\u00e1ndalo de la cruz\u2019. La misericordia nos lleva a hacer la parte del otro, como hizo Jes\u00fas que muri\u00f3 por cada uno de nosotros\u00bb.  \u00abEs la experiencia \u2013 explica Maria Voce a prop\u00f3sito de los refugiados \u2013 que hacemos cotidianamente con todos aquellos que llaman a nuestras puertas. Recientemente han llegado 170 menores no acompa\u00f1ados <a href=\"https:\/\/www.focolare.org\/sp\/news\/2015\/12\/15\/olanda-dare-una-casa\/\" target=\"_blank\" rel=\"noopener\">a nuestra ciudadela de Holanda<\/a> y los hemos acogido\u00bb. Y recordando las palabras del <a href=\"https:\/\/www.focolare.org\/es\/news\/2015\/11\/14\/nuove-responsabilita-per-i-costruttori-di-pace\/\">comunicado <\/a>que Maria Voce hab\u00eda difundido despu\u00e9s de los sucesos de Par\u00eds, Ascione pregunta: \u00ab\u00bfQu\u00e9 quer\u00eda decir con preguntarse si verdaderamente se hab\u00eda hecho todo lo que se deb\u00eda hacer, para evitar reacciones tan violentas? \u00bb  \u00abMuchas veces nos quedamos impresionados por los sucesos m\u00e1s cercanos, olvid\u00e1ndonos de otros lugares en los que la tragedia de la guerra se vive cotidianamente. All\u00ed tenemos a nuestras comunidades y sabemos que todav\u00eda es posible que construyamos algo. Tenemos m\u00e9dicos que ante un herido no hacen distinci\u00f3n ya sea cristiano o musulm\u00e1n; si falta el agua quien tiene un pozo lo pone a disposici\u00f3n de todos, m\u00e1s all\u00e1 de la religi\u00f3n que practiquen. Quiz\u00e1s no sabemos hacernos las preguntas adecuadas. Por esto nosotros hemos querido ser los primeros en interrogarnos. Quiz\u00e1s durante a\u00f1os no nos hemos interesado profundamente. Saber hacerse un examen de conciencia es los que puede abrir a la esperanza. Y frente a quien sufre, a quien es pobre, es necesario no tener miedo de abrir el coraz\u00f3n. Es necesario no tener miedo de abrir los bolsillos y las carteras y, viviendo en la sobriedad y en el respeto de lo creado, ver a los dem\u00e1s como hermanos de una misma familia.\u00bb<\/p>\n","protected":false},"excerpt":{"rendered":"<p>El Jubileo renueva en cada uno de nosotros el valor de creer que Dios es Amor. Para volver a lo esencial de la vida, en el perd\u00f3n y en la misericordia, en di\u00e1logo con todos. As\u00ed la presidente del Movimiento de los Focolares ante las c\u00e1maras de TV2000.<\/p>\n","protected":false},"author":34,"featured_media":0,"comment_status":"open","ping_status":"open","sticky":false,"template":"","format":"standard","meta":{"give_campaign_id":0,"_seopress_robots_primary_cat":"","_seopress_titles_title":"","_seopress_titles_desc":"","_seopress_robots_index":"","_et_pb_use_builder":"","_et_pb_old_content":"","_et_gb_content_width":"","footnotes":""},"categories":[46],"tags":[],"class_list":["post-324666","post","type-post","status-publish","format-standard","hentry","category-sin-categorizar"],"_links":{"self":[{"href":"https:\/\/www.focolare.org\/es\/wp-json\/wp\/v2\/posts\/324666","targetHints":{"allow":["GET"]}}],"collection":[{"href":"https:\/\/www.focolare.org\/es\/wp-json\/wp\/v2\/posts"}],"about":[{"href":"https:\/\/www.focolare.org\/es\/wp-json\/wp\/v2\/types\/post"}],"author":[{"embeddable":true,"href":"https:\/\/www.focolare.org\/es\/wp-json\/wp\/v2\/users\/34"}],"replies":[{"embeddable":true,"href":"https:\/\/www.focolare.org\/es\/wp-json\/wp\/v2\/comments?post=324666"}],"version-history":[{"count":0,"href":"https:\/\/www.focolare.org\/es\/wp-json\/wp\/v2\/posts\/324666\/revisions"}],"wp:attachment":[{"href":"https:\/\/www.focolare.org\/es\/wp-json\/wp\/v2\/media?parent=324666"}],"wp:term":[{"taxonomy":"category","embeddable":true,"href":"https:\/\/www.focolare.org\/es\/wp-json\/wp\/v2\/categories?post=324666"},{"taxonomy":"post_tag","embeddable":true,"href":"https:\/\/www.focolare.org\/es\/wp-json\/wp\/v2\/tags?post=324666"}],"curies":[{"name":"wp","href":"https:\/\/api.w.org\/{rel}","templated":true}]}}