{"id":324668,"date":"2015-12-18T03:00:37","date_gmt":"2015-12-18T02:00:37","guid":{"rendered":"https:\/\/www.focolare.org\/new-york-conferencia-sobre-la-sociedad-de-la-informacion\/"},"modified":"2024-05-16T14:51:34","modified_gmt":"2024-05-16T12:51:34","slug":"new-york-conferencia-sobre-la-sociedad-de-la-informacion","status":"publish","type":"post","link":"https:\/\/www.focolare.org\/es\/new-york-conferencia-sobre-la-sociedad-de-la-informacion\/","title":{"rendered":"New York: conferencia sobre la sociedad de la informaci\u00f3n"},"content":{"rendered":"<p><div id=\"attachment_132589\" style=\"width: 390px\" class=\"wp-caption alignleft\"><a href=\"https:\/\/www.focolare.org\/wp-content\/uploads\/2015\/12\/WSIS-10_B.jpg\"><img loading=\"lazy\" decoding=\"async\" aria-describedby=\"caption-attachment-132589\" class=\"wp-image-132589\" src=\"https:\/\/www.focolare.org\/wp-content\/uploads\/2015\/12\/WSIS-10_B.jpg\" alt=\"WSIS+10_B\" width=\"380\" height=\"285\" \/><\/a><p id=\"caption-attachment-132589\" class=\"wp-caption-text\">Durante el trabajo de la Asamblea<\/p><\/div>  <strong>A los diez a\u00f1os de la Cumbre Mundial sobre la sociedad de la informaci\u00f3n <\/strong>(T\u00fanez 2005) se realiza un balance para construir una sociedad de la informaci\u00f3n que tenga como centro a la persona, que sea inclusiva y orientada al desarrollo, que contribuya al cumplimiento de los Objetivos de Desarrollo del Milenio, que encuentre formas de financiaci\u00f3n adecuadas para un desarrollo m\u00e1s equitativo de las infraestructuras de la comunicaci\u00f3n e individualice mecanismos compartidos y eficaces de gesti\u00f3n de internet. \u00bfCu\u00e1nto se ha avanzado estos puntos en la \u00faltima d\u00e9cada?  <strong>La Asamblea General de las Naciones Unidas trat\u00f3 de responder esta pregunta, <\/strong>en el<a href=\"https:\/\/publicadministration.un.org\/wsis10\/GA-High-Level-Meeting\"> Meeting dedicado al \u201c<strong>WSIS<\/strong>+<strong>10\u201d <\/strong><\/a>, que se refiri\u00f3 a la sociedad de la informaci\u00f3n, en el cuartel general de las Naciones Unidas en Nueva York, el pasado 15 y 16 de diciembre. El trabajo de evaluaci\u00f3n fue complejo. Cont\u00f3 con la contribuci\u00f3n de muchos analistas y condujo a la elaboraci\u00f3n de un documento final que fue votado por unanimidad por las delegaciones de los distintos pa\u00edses. Conversamos con el Ingeniero <strong>C\u00e9sare Borin<\/strong>, de la delegaci\u00f3n de <a href=\"http:\/\/www.new-humanity.org\/en\/\">New Humanity<\/a>, ONG vinculada al <a href=\"https:\/\/www.focolare.org\/es\/chi-siamo\/\">Movimiento de los Focolares<\/a>, que particip\u00f3 en el F\u00f3rum.  <strong>\u00abA partir del WSIS (<a href=\"http:\/\/www.wsis.org\/\">World Summit on the Information Society<\/a>) de Ginebra (2003) y T\u00fanez (2005)<\/strong> el trabajo de las Naciones Unidas adopt\u00f3 un enfoque abierto a la colaboraci\u00f3n de varios actores, incluida la sociedad civil que New Humanity integra, el sector privado, los gobiernos y las organizaciones internacionales. Ya en T\u00fanez estuvimos participando con un nutrido grupo de <a href=\"https:\/\/www.focolare.org\/es\/in-dialogo\/cultura\/comunicazione\/\">NetOne<\/a>, en colaboraci\u00f3n con los proyectos experimentales de ESA y Alcatel. Como New Humanity trabajamos en la traducci\u00f3n al italiano y al portugu\u00e9s de los documentos finales. En los a\u00f1os siguientes participamos a varios IGF (F\u00f3rum sobre el Gobierno de Internet, que nacieron justamente del WSIS) siempre como New Humanity, estableciendo contactos con varias personas\u00bb.  <div id=\"attachment_132590\" style=\"width: 390px\" class=\"wp-caption alignright\"><a href=\"https:\/\/www.focolare.org\/wp-content\/uploads\/2015\/12\/WSIS-10_C.jpg\"><img loading=\"lazy\" decoding=\"async\" aria-describedby=\"caption-attachment-132590\" class=\"wp-image-132590\" src=\"https:\/\/www.focolare.org\/wp-content\/uploads\/2015\/12\/WSIS-10_C.jpg\" alt=\"WSIS+10_C\" width=\"380\" height=\"227\" \/><\/a><p id=\"caption-attachment-132590\" class=\"wp-caption-text\">Con Fadi Chehade, presidente de ICANN (en medio), organizaci\u00f3n no lucrativa que administra la asignaci\u00f3n de los nombres de los dominios de Internet.<\/p><\/div>  <strong>\u00bfY hoy? \u00bfCu\u00e1l es la contribuci\u00f3n de New Humanity sobre los temas espec\u00edficos que se debatieron?<\/strong>  \u00ab\u00c9ramos una delegaci\u00f3n de seis personas: yo que soy italiano, Mar\u00eda Luiza Bigati que es brasile\u00f1a, Mar\u00eda del Roc\u00edo Ortega que es mexicana, ambas son ingenieras inform\u00e1ticas, adem\u00e1s de Betsy Dugas de los Estados Unidos (tambi\u00e9n \u00e9l ingeniero inform\u00e1tico), y Joe Klock y Anne Marie Cottone que son representantes permanentes de New Humanity en la sede de la ONU de Nueva York\u00bb.  <strong>\u00abEn los meses precedentes New Humanity hab\u00eda enviado una contribuci\u00f3n propia al documento final: <\/strong>el mismo es el resultado de un intercambio de reflexiones sobre grandes problemas actuales como el terrorismo, la custodia de los derechos humanos, la protecci\u00f3n de las libertades individuales. Confrontar las grandes diferencias de sensibilidad que cada pa\u00eds enfatiza, y encontrar un punto com\u00fan compartido, representa un gran resultado. El WSIS se convirti\u00f3 en un lugar de di\u00e1logo, fatigoso, pero que permite encontrar nuevas formas de gobernanza\u00bb.  <strong>La ONG Internacional New Humanity <\/strong><strong>ha trabajado <\/strong><strong>durante m\u00e1s de diez a\u00f1os en proyectos de desarrollo de las capacidades de las comunidades m\u00e1s pobres de \u00c1frica Sub-sahariana, de Asia y de Am\u00e9rica Latina\u2026<\/strong>  \u00abEl acceso a la informaci\u00f3n se ha convertido en uno de los derechos fundamentales del hombre de nuestro milenio. Participar de ella es tan importante como responder a necesidades esenciales como la instrucci\u00f3n y la salud. En nuestros proyectos siempre tenemos como objetivo primario una plena inclusi\u00f3n de las comunidades locales a las cuales estos programas est\u00e1n destinados, como confirmaci\u00f3n de que los principios expresados no son s\u00f3lo una mera esperanza\u00bb  <strong>\u00a0<\/strong>  <strong>\u00a0<\/strong>  <strong>\u00a0<\/strong><\/p>\n","protected":false},"excerpt":{"rendered":"<p>Seis expertos de \u201cNew Humanity\u201d participaron en el Meeting de alto nivel de la Asamblea General de las Naciones Unidas: lucha contra el terrorismo, tutela de los derechos humanos, empoderamiento de las mujeres, entre los temas enfrentados el 15 y 16 de diciembre.<\/p>\n","protected":false},"author":34,"featured_media":0,"comment_status":"open","ping_status":"open","sticky":false,"template":"","format":"standard","meta":{"give_campaign_id":0,"_seopress_robots_primary_cat":"","_seopress_titles_title":"","_seopress_titles_desc":"","_seopress_robots_index":"","_et_pb_use_builder":"","_et_pb_old_content":"","_et_gb_content_width":"","footnotes":""},"categories":[904],"tags":[],"class_list":["post-324668","post","type-post","status-publish","format-standard","hentry","category-focolare-worldwide-2-2"],"_links":{"self":[{"href":"https:\/\/www.focolare.org\/es\/wp-json\/wp\/v2\/posts\/324668","targetHints":{"allow":["GET"]}}],"collection":[{"href":"https:\/\/www.focolare.org\/es\/wp-json\/wp\/v2\/posts"}],"about":[{"href":"https:\/\/www.focolare.org\/es\/wp-json\/wp\/v2\/types\/post"}],"author":[{"embeddable":true,"href":"https:\/\/www.focolare.org\/es\/wp-json\/wp\/v2\/users\/34"}],"replies":[{"embeddable":true,"href":"https:\/\/www.focolare.org\/es\/wp-json\/wp\/v2\/comments?post=324668"}],"version-history":[{"count":0,"href":"https:\/\/www.focolare.org\/es\/wp-json\/wp\/v2\/posts\/324668\/revisions"}],"wp:attachment":[{"href":"https:\/\/www.focolare.org\/es\/wp-json\/wp\/v2\/media?parent=324668"}],"wp:term":[{"taxonomy":"category","embeddable":true,"href":"https:\/\/www.focolare.org\/es\/wp-json\/wp\/v2\/categories?post=324668"},{"taxonomy":"post_tag","embeddable":true,"href":"https:\/\/www.focolare.org\/es\/wp-json\/wp\/v2\/tags?post=324668"}],"curies":[{"name":"wp","href":"https:\/\/api.w.org\/{rel}","templated":true}]}}