{"id":324674,"date":"2015-12-18T12:53:48","date_gmt":"2015-12-18T11:53:48","guid":{"rendered":"https:\/\/www.focolare.org\/castel-gandolfo-congreso-internacional-de-adherentes-de-los-focolares-2\/"},"modified":"2024-05-16T14:51:35","modified_gmt":"2024-05-16T12:51:35","slug":"castel-gandolfo-congreso-internacional-de-adherentes-de-los-focolares-2","status":"publish","type":"post","link":"https:\/\/www.focolare.org\/es\/castel-gandolfo-congreso-internacional-de-adherentes-de-los-focolares-2\/","title":{"rendered":"Castel Gandolfo: congreso internacional de adherentes de los Focolares"},"content":{"rendered":"<p><strong>\u00abLa unidad\u00bb, punto fundacional de la espiritualidad del Movimiento de los Focolares<\/strong>, ser\u00e1 profundizada durante estos d\u00edas, con experiencias de varias ciudades, en las cuales la espiritualidad vivida provoca una incidencia en el propio territorio. Es el caso, entre otras muchas m\u00e1s, s\u00f3lo para nombrar algunas, de la comunidad de Sszeged, en Hungr\u00eda, o de Loppiano, en el Valdarno toscano; y tambi\u00e9n de Gran Breta\u00f1a en el tema Ecumenismo, y del Brasil en el \u00e1rea social.  Entre los temas que se tratar\u00e1n, est\u00e1 el aspecto de las comunicaciones como instrumento para llegar a la unidad; de los di\u00e1logos, en particular en el campo ecum\u00e9nico e interreligioso, y el compromiso del Movimiento de los Focolares por la paz. Est\u00e1 anunciada hasta el momento la asistencia de personas de los Paises B\u00e1lticos, B\u00e9lgica, Luxemburgo, Rep\u00fablica Checa, Suiza, Alemania, L\u00edbano, Hispano Am\u00e9rica, Brasil, Canad\u00e1.  <strong>Por mayor informaci\u00f3n y para inscribirse: <\/strong><a href=\"mailto:info@focolare.org\" target=\"_blank\" rel=\"noopener\">info@focolare.org<\/a><strong> <\/strong>  <a href=\"http:\/\/www.centromariapoli.org\/\" target=\"_blank\" rel=\"noopener\">www.centromariapoli.org<\/a><\/p>\n","protected":false},"excerpt":{"rendered":"<p>\u00abUnidad: don, compromiso, metas\u00bb es el tema central de este encuentro, del 3 al 5 de marzo 2016.<\/p>\n","protected":false},"author":34,"featured_media":0,"comment_status":"open","ping_status":"open","sticky":false,"template":"","format":"standard","meta":{"give_campaign_id":0,"_seopress_robots_primary_cat":"","_seopress_titles_title":"","_seopress_titles_desc":"","_seopress_robots_index":"","_et_pb_use_builder":"","_et_pb_old_content":"","_et_gb_content_width":"","footnotes":""},"categories":[46],"tags":[],"class_list":["post-324674","post","type-post","status-publish","format-standard","hentry","category-sin-categorizar"],"_links":{"self":[{"href":"https:\/\/www.focolare.org\/es\/wp-json\/wp\/v2\/posts\/324674","targetHints":{"allow":["GET"]}}],"collection":[{"href":"https:\/\/www.focolare.org\/es\/wp-json\/wp\/v2\/posts"}],"about":[{"href":"https:\/\/www.focolare.org\/es\/wp-json\/wp\/v2\/types\/post"}],"author":[{"embeddable":true,"href":"https:\/\/www.focolare.org\/es\/wp-json\/wp\/v2\/users\/34"}],"replies":[{"embeddable":true,"href":"https:\/\/www.focolare.org\/es\/wp-json\/wp\/v2\/comments?post=324674"}],"version-history":[{"count":0,"href":"https:\/\/www.focolare.org\/es\/wp-json\/wp\/v2\/posts\/324674\/revisions"}],"wp:attachment":[{"href":"https:\/\/www.focolare.org\/es\/wp-json\/wp\/v2\/media?parent=324674"}],"wp:term":[{"taxonomy":"category","embeddable":true,"href":"https:\/\/www.focolare.org\/es\/wp-json\/wp\/v2\/categories?post=324674"},{"taxonomy":"post_tag","embeddable":true,"href":"https:\/\/www.focolare.org\/es\/wp-json\/wp\/v2\/tags?post=324674"}],"curies":[{"name":"wp","href":"https:\/\/api.w.org\/{rel}","templated":true}]}}