{"id":324688,"date":"2015-12-22T03:00:53","date_gmt":"2015-12-22T02:00:53","guid":{"rendered":"https:\/\/www.focolare.org\/navidad-para-compartir\/"},"modified":"2024-05-16T14:51:38","modified_gmt":"2024-05-16T12:51:38","slug":"navidad-para-compartir","status":"publish","type":"post","link":"https:\/\/www.focolare.org\/es\/navidad-para-compartir\/","title":{"rendered":"Navidad para compartir"},"content":{"rendered":"<hr \/>\n<table class=\" aligncenter\" style=\"height: 645px\" width=\"478\">\n<tbody>\n<tr>\n<td><a href=\"https:\/\/www.focolare.org\/wp-content\/uploads\/2015\/12\/Christmas2015-01.jpg\"><img loading=\"lazy\" decoding=\"async\" class=\"alignnone wp-image-132764\" src=\"https:\/\/www.focolare.org\/wp-content\/uploads\/2015\/12\/Christmas2015-01.jpg\" alt=\"Christmas2015-01\" width=\"480\" height=\"271\" \/><\/a><\/td>\n<\/tr>\n<tr>\n<td>\n<h4>\u00abDeseo a todos una Navidad para compartir, recordando las palabras del Papa Francisco: justicia, solidaridad y sobriedad.<\/h4>\n<h4>Justicia: es decir, mirar a quien sufre, a quien le falta lo necesario, no como una categor\u00eda social a la que hay que ayudar, sino como a hermanos a los que hay que amar.<\/h4>\n<h4>Solidaridad: no tener miedo de abrir el coraz\u00f3n, los bolsillos, las carteras, para vivir como una sola familia.<\/h4>\n<h4>Sobriedad: no estropear lo que hay que poner a disposici\u00f3n de todos, empezando por las cosas hermosas de la Creaci\u00f3n.<\/h4>\n<h4>\u00a1Yo espero, espero en la gracia de la Navidad! Es un tiempo de misericordia que todos pueden vivir. Dios cree en nosotros y pone en el coraz\u00f3n de cada uno una chispa de su Amor. Entonces la Navidad puede ser bell\u00edsima para todos. La Navidad ser\u00e1 maravillosa si es una Navidad de amor\u00bb.<\/h4>\n<h4 style=\"text-align: right\">Maria Voce<\/h4>\n<\/td>\n<\/tr>\n<\/tbody>\n<\/table>\n<hr \/>\n<p>  &nbsp;<\/p>\n","protected":false},"excerpt":{"rendered":"<p>Justicia, solidaridad, sobriedad son las palabras que pueden caracterizar nuestra Navidad: son estos los augurios de Maria Voce.<\/p>\n","protected":false},"author":34,"featured_media":0,"comment_status":"open","ping_status":"open","sticky":false,"template":"","format":"standard","meta":{"give_campaign_id":0,"_seopress_robots_primary_cat":"","_seopress_titles_title":"","_seopress_titles_desc":"","_seopress_robots_index":"","_et_pb_use_builder":"","_et_pb_old_content":"","_et_gb_content_width":"","footnotes":""},"categories":[46],"tags":[],"class_list":["post-324688","post","type-post","status-publish","format-standard","hentry","category-sin-categorizar"],"_links":{"self":[{"href":"https:\/\/www.focolare.org\/es\/wp-json\/wp\/v2\/posts\/324688","targetHints":{"allow":["GET"]}}],"collection":[{"href":"https:\/\/www.focolare.org\/es\/wp-json\/wp\/v2\/posts"}],"about":[{"href":"https:\/\/www.focolare.org\/es\/wp-json\/wp\/v2\/types\/post"}],"author":[{"embeddable":true,"href":"https:\/\/www.focolare.org\/es\/wp-json\/wp\/v2\/users\/34"}],"replies":[{"embeddable":true,"href":"https:\/\/www.focolare.org\/es\/wp-json\/wp\/v2\/comments?post=324688"}],"version-history":[{"count":0,"href":"https:\/\/www.focolare.org\/es\/wp-json\/wp\/v2\/posts\/324688\/revisions"}],"wp:attachment":[{"href":"https:\/\/www.focolare.org\/es\/wp-json\/wp\/v2\/media?parent=324688"}],"wp:term":[{"taxonomy":"category","embeddable":true,"href":"https:\/\/www.focolare.org\/es\/wp-json\/wp\/v2\/categories?post=324688"},{"taxonomy":"post_tag","embeddable":true,"href":"https:\/\/www.focolare.org\/es\/wp-json\/wp\/v2\/tags?post=324688"}],"curies":[{"name":"wp","href":"https:\/\/api.w.org\/{rel}","templated":true}]}}