{"id":324720,"date":"2016-01-08T07:22:49","date_gmt":"2016-01-08T06:22:49","guid":{"rendered":"https:\/\/www.focolare.org\/semana-de-oracion-por-la-unidad-de-los-cristianos-del-2016\/"},"modified":"2024-05-16T14:51:43","modified_gmt":"2024-05-16T12:51:43","slug":"semana-de-oracion-por-la-unidad-de-los-cristianos-del-2016","status":"publish","type":"post","link":"https:\/\/www.focolare.org\/es\/semana-de-oracion-por-la-unidad-de-los-cristianos-del-2016\/","title":{"rendered":"Semana de oraci\u00f3n por la unidad de los cristianos del 2016"},"content":{"rendered":"<p>La fecha tradicional para la celebraci\u00f3n de la Semana de oraci\u00f3n por la unidad de los cristianos, en el hemisferio norte, es del 18 al 25 de enero. En el hemisferio sur, como enero cae en el per\u00edodo de vacaciones, las iglesias celebran la Semana de oraci\u00f3n en otra fecha, por ejemplo en el per\u00edodo de Pentecost\u00e9s.  <strong><a href=\"http:\/\/www.vatican.va\/roman_curia\/pontifical_councils\/chrstuni\/weeks-prayer-doc\/rc_pc_chrstuni_doc_20150526_week-prayer-2016_sp.html\">Aqu\u00ed<\/a> <\/strong>se pueden encontrar los textos preparados por un grupo de trabajo mixto de Letonia, nombrado por la Iglesia cat\u00f3lica y por el Consejo ecum\u00e9nico de Iglesias.  Las Iglesias cristianas invitan a \u00abencontrar oportunidades en el transcurso de todo el a\u00f1o para expresar el grado de comuni\u00f3n que ya se ha alcanzado entre las iglesias y para rezar juntos para llegar a la plena unidad que es la voluntad de Cristo\u00bb, seg\u00fan la oraci\u00f3n de Jes\u00fas al Padre: \u201cpara que todos sean una sola cosa\u201d. (Jn. 17)  El Movimiento de los Focolares en el mundo est\u00e1 comprometido en promover y sostener los distintos eventos locales que se han programado para celebrar la semana de oraci\u00f3n, tambi\u00e9n a trav\u00e9s del testimonio directo de la vida ecum\u00e9nica entre sus miembros.  La frase elegida para la Semana de oraci\u00f3n de 2016 tambi\u00e9n inspira la Palabra de Vida del mes de enero: \u00ab<strong><u><a href=\"https:\/\/www.focolare.org\/es\/news\/2015\/12\/29\/portugues-palavra-de-vida-janeiro-de-2016\/\">Llamados a proclamar las obras maravillosas del Se\u00f1or\u00bb<\/a><\/u><\/strong> <em>(cfr 1 Pedro 2, 9)<\/em><\/p>\n","protected":false},"excerpt":{"rendered":"<p>\u00abChiamati per annunziare a tutti le opere meravigliose di Dio\u00bb.<\/p>\n","protected":false},"author":34,"featured_media":0,"comment_status":"open","ping_status":"open","sticky":false,"template":"","format":"standard","meta":{"give_campaign_id":0,"_seopress_robots_primary_cat":"","_seopress_titles_title":"","_seopress_titles_desc":"","_seopress_robots_index":"","_et_pb_use_builder":"","_et_pb_old_content":"","_et_gb_content_width":"","footnotes":""},"categories":[46],"tags":[],"class_list":["post-324720","post","type-post","status-publish","format-standard","hentry","category-sin-categorizar"],"_links":{"self":[{"href":"https:\/\/www.focolare.org\/es\/wp-json\/wp\/v2\/posts\/324720","targetHints":{"allow":["GET"]}}],"collection":[{"href":"https:\/\/www.focolare.org\/es\/wp-json\/wp\/v2\/posts"}],"about":[{"href":"https:\/\/www.focolare.org\/es\/wp-json\/wp\/v2\/types\/post"}],"author":[{"embeddable":true,"href":"https:\/\/www.focolare.org\/es\/wp-json\/wp\/v2\/users\/34"}],"replies":[{"embeddable":true,"href":"https:\/\/www.focolare.org\/es\/wp-json\/wp\/v2\/comments?post=324720"}],"version-history":[{"count":0,"href":"https:\/\/www.focolare.org\/es\/wp-json\/wp\/v2\/posts\/324720\/revisions"}],"wp:attachment":[{"href":"https:\/\/www.focolare.org\/es\/wp-json\/wp\/v2\/media?parent=324720"}],"wp:term":[{"taxonomy":"category","embeddable":true,"href":"https:\/\/www.focolare.org\/es\/wp-json\/wp\/v2\/categories?post=324720"},{"taxonomy":"post_tag","embeddable":true,"href":"https:\/\/www.focolare.org\/es\/wp-json\/wp\/v2\/tags?post=324720"}],"curies":[{"name":"wp","href":"https:\/\/api.w.org\/{rel}","templated":true}]}}