{"id":324754,"date":"2016-01-23T04:00:35","date_gmt":"2016-01-23T03:00:35","guid":{"rendered":"https:\/\/www.focolare.org\/trento-italia-el-centro-mariapolis-chiara-lubich-cumple-30-anos\/"},"modified":"2024-05-16T14:51:50","modified_gmt":"2024-05-16T12:51:50","slug":"trento-italia-el-centro-mariapolis-chiara-lubich-cumple-30-anos","status":"publish","type":"post","link":"https:\/\/www.focolare.org\/es\/trento-italia-el-centro-mariapolis-chiara-lubich-cumple-30-anos\/","title":{"rendered":"Trento (Italia): el Centro Mari\u00e1polis Chiara Lubich cumple 30 a\u00f1os"},"content":{"rendered":"<p><a href=\"https:\/\/www.focolare.org\/wp-content\/uploads\/2016\/01\/CentroMariapoliCadine.jpg\"><img alt=\"\" alt=\"\" loading=\"lazy\" decoding=\"async\" class=\"alignright wp-image-133839\" src=\"https:\/\/www.focolare.org\/wp-content\/uploads\/2016\/01\/CentroMariapoliCadine.jpg\" alt=\"\" width=\"380\" height=\"241\" \/><\/a><strong>\u00abEsta casa constru\u00edda sobre la roca nos recordar\u00e1 con su nombre (Palabra de Vida) <\/strong>la casa sobre la roca de la que habla Jes\u00fas. Llegan vientos y tempestades, pero no se derrumba\u00bb, dijo <a href=\"https:\/\/www.focolare.org\/chiara-lubich\/chi-e-chiara\/\">Chiara Lubich<\/a> el 24 de mayo de 1986 inaugurando el Centro Mari\u00e1polis de su ciudad natal.  <strong>23 de enero de 2016<\/strong>, d\u00eda de fiesta en el Centro, que hoy lleva su nombre, para recordar treinta a\u00f1os de historia, testimonio, di\u00e1logo y comuni\u00f3n, a la luz del carisma de la unidad. El evento se abre con el mensaje de <a href=\"https:\/\/www.focolare.org\/news\/2014\/09\/15\/maria-voce\/\">Mar\u00eda Voce<\/a> y un video que recorre estos 30 a\u00f1os di historia. Siguen algunos testimonios de la presencia local del Movimiento en campo civil y eclesial y los <strong>saludos del arzobispo de Trento Mons. Luigi Bressan, del alcalde Alessandro Andreatta<\/strong> y de otras autoridades.  <strong>Despu\u00e9s de treinta a\u00f1os, el Centro de C\u00e1dine permaneci\u00f3 fiel a la propia vocaci\u00f3n,<\/strong> la de ser un lugar de encuentro y de formaci\u00f3n para los que desean comprometerse a irradiar la vida del Evangelio y a llevar la presencia de Dios en el mundo con el amor rec\u00edproco.  <strong>Un poco de historia.<\/strong> En los a\u00f1os \u201870 el Movimiento de los Focolares, difundido en la regi\u00f3n, advirti\u00f3 la necesidad de tener un centro di formaci\u00f3n. Despu\u00e9s de numerosas b\u00fasquedas infructuosas, se concentraron en la ciudad de Trento. Enter\u00e1ndose de esta idea, Chiara respondi\u00f3: \u00abSiempre me lo imagin\u00e9 all\u00ed. Es una ciudad elegida por Dios\u00bb. Pocos meses despu\u00e9s, en el Movimiento se viv\u00eda la<a href=\"https:\/\/www.focolare.org\/chiara-lubich\/spiritualita-dellunita\/la-parola\/\"> Palabra de Vida<\/a>: \u00abVendan lo que tienen y denlo como limosna\u201d. El deseo de poner en pr\u00e1ctica esta Palabra del Evangelio impuls\u00f3 a<strong> Nostra Fadanelli<\/strong>, adherente del Movimiento, a donar 9 hect\u00e1reas de bosque, precisamente para la construcci\u00f3n del Centro Mari\u00e1polis. <strong>El proyecto fue confiado a Carlo Fumagalli<\/strong>, focolarino arquitecto, quien recorri\u00f3 los pasos de la historia del Movimiento en Trento y en el valle de Primiero, reproduciendo algunos detalles en la arquitectura de la construcci\u00f3n. <strong>Se present\u00f3 el proyecto al entonces arzobispo de Trento, Mons. Gottardi<\/strong>, quien coment\u00f3: \u00abEste debe ser un \u201cmonumento\u201d a Chiara Lubich, l\u00f3gicamente cuando ella estar\u00e1 en el Para\u00edso. Y ser\u00eda el mejor monumento si fuera, con respecto a la historia de Trento, <strong>una Mari\u00e1polis con sabor tambi\u00e9n ecum\u00e9nico<\/strong>\u00bb, remont\u00e1ndose al mandato ecum\u00e9nico que el Papa Pablo VI entreg\u00f3 a la ciudad de Trento en 1964. Y concluy\u00f3: <strong>\u00ab\u00a1Ustedes tienen esta misi\u00f3n!\u00bb.<\/strong> Desde ese momento, se desat\u00f3 la generosidad de todos en el Movimiento, cada uno con sus posibilidades y con la creatividad de quienes construyen \u201csu casa\u201d. <strong>En octubre de 1980<\/strong>, mientras se llevaban adelante los tr\u00e1mites burocr\u00e1ticos, lleg\u00f3 la noticia que en Roma se estaba buscando una casa para el Centro Mari\u00e1polis internacional. Con el consenso de todos, se decidi\u00f3 entonces donar por completo lo que se hab\u00eda recogido hasta el momento, una suma importante que dej\u00f3 sorprendida a la misma Chiara. Parec\u00eda una locura, sin embargo en el momento en el cual estaban listos los permisos para empezar la construcci\u00f3n, lleg\u00f3 una nueva consistente suma, tres veces m\u00e1s de la que se entreg\u00f3, que hizo experimentar las promesas del Evangelio: \u201cDen y se les dar\u00e1\u201d. <strong>En 1982 se inici\u00f3 la construcci\u00f3n de los espacios comunes:<\/strong> la entrada, las salas de reuniones, la cocina y el comedor. Muchos quer\u00edan colaborar, dando su tiempo y sus fuerzas, y en el \u00faltimo a\u00f1o unas 800 personas se turnaron contribuyendo en todos los trabajos artesanales, de acabado y mano de obra. Memorable el trabajo de instalaci\u00f3n del pavimento en p\u00f3rfido en la calle y la plazoleta, que se termin\u00f3 durante la noche anterior a la inauguraci\u00f3n. <a href=\"https:\/\/www.focolare.org\/wp-content\/uploads\/2016\/01\/CentroMariapoliChiaraLubichCadine_a.jpg\"><img loading=\"lazy\" decoding=\"async\" class=\"size-full wp-image-133838 alignleft\" src=\"https:\/\/www.focolare.org\/wp-content\/uploads\/2016\/01\/CentroMariapoliChiaraLubichCadine_a.jpg\" alt=\"CentroMariapoliChiaraLubichCadine_a\" width=\"300\" height=\"225\" \/><\/a><strong>El 24 de mayo de 1986, Chiara misma inaugur\u00f3 el Centro Mari\u00e1polis<\/strong>, subrayando su vocaci\u00f3n formativa y ecum\u00e9nica, y <strong>titul\u00e1ndolo \u00abPalabra de Vida\u00bb.<\/strong> Estaban presentes unas 2.000 personas, entre las cuales los representantes de las iglesias m\u00e1s importantes presentes en Europa. <strong>El 24 de enero de 2009<\/strong>, luego de la muerte de Chiara (14\/03\/2008), el Centro fue titulado a su nombre, en el marco de una ceremonia de gran valor ecum\u00e9nico, con la presencia de Mar\u00eda Voce, sucesora de Chiara como Presidente del Movimiento de los Focolares, y de muchas personalidades civiles y religiosas. <strong>En estos 30 a\u00f1os, decenas de miles de personas se hospedaron en el Centro<\/strong>, en la gran mayor\u00eda miembros del Movimiento, pero no s\u00f3lo, dado que \u00e9ste abri\u00f3 sus puertas tambi\u00e9n a encuentros promovidos por la Di\u00f3cesis, los Movimientos Cat\u00f3licos y otras realidades asociativas laicas del territorio. El Centro hospeda congresos, escuelas de formaci\u00f3n, a distintos grupos del Movimiento provenientes de todo el mundo que vienen a Trento y al Valle de Primiero para recorrer la experiencia de los primeros tiempos, cuando todo tuvo inicio. <strong>Como a los albores de Movimiento, as\u00ed hoy el Centro atestigua la urgencia de tener viva una \u201cpalestra de di\u00e1logo\u201d<\/strong> entre los individuos, los pueblos, las iglesias y las grandes religiones, para dar espacio a la fraternidad.<\/p>\n","protected":false},"excerpt":{"rendered":"<p>Una rica historia fiel a la propia vocaci\u00f3n de lugar de encuentro y de formaci\u00f3n seg\u00fan la espiritualidad de la unidad nacida del carisma de Chiara Lubich.<\/p>\n","protected":false},"author":34,"featured_media":0,"comment_status":"open","ping_status":"open","sticky":false,"template":"","format":"standard","meta":{"give_campaign_id":0,"_seopress_robots_primary_cat":"","_seopress_titles_title":"","_seopress_titles_desc":"","_seopress_robots_index":"","_et_pb_use_builder":"","_et_pb_old_content":"","_et_gb_content_width":"","footnotes":""},"categories":[904],"tags":[],"class_list":["post-324754","post","type-post","status-publish","format-standard","hentry","category-focolare-worldwide-2-2"],"_links":{"self":[{"href":"https:\/\/www.focolare.org\/es\/wp-json\/wp\/v2\/posts\/324754","targetHints":{"allow":["GET"]}}],"collection":[{"href":"https:\/\/www.focolare.org\/es\/wp-json\/wp\/v2\/posts"}],"about":[{"href":"https:\/\/www.focolare.org\/es\/wp-json\/wp\/v2\/types\/post"}],"author":[{"embeddable":true,"href":"https:\/\/www.focolare.org\/es\/wp-json\/wp\/v2\/users\/34"}],"replies":[{"embeddable":true,"href":"https:\/\/www.focolare.org\/es\/wp-json\/wp\/v2\/comments?post=324754"}],"version-history":[{"count":0,"href":"https:\/\/www.focolare.org\/es\/wp-json\/wp\/v2\/posts\/324754\/revisions"}],"wp:attachment":[{"href":"https:\/\/www.focolare.org\/es\/wp-json\/wp\/v2\/media?parent=324754"}],"wp:term":[{"taxonomy":"category","embeddable":true,"href":"https:\/\/www.focolare.org\/es\/wp-json\/wp\/v2\/categories?post=324754"},{"taxonomy":"post_tag","embeddable":true,"href":"https:\/\/www.focolare.org\/es\/wp-json\/wp\/v2\/tags?post=324754"}],"curies":[{"name":"wp","href":"https:\/\/api.w.org\/{rel}","templated":true}]}}