{"id":324822,"date":"2016-02-18T13:25:08","date_gmt":"2016-02-18T12:25:08","guid":{"rendered":"https:\/\/www.focolare.org\/en-india-en-la-universidad-de-mumbai-y-sobre-las-huellas-de-gandhi\/"},"modified":"2024-05-16T14:52:03","modified_gmt":"2024-05-16T12:52:03","slug":"en-india-en-la-universidad-de-mumbai-y-sobre-las-huellas-de-gandhi","status":"publish","type":"post","link":"https:\/\/www.focolare.org\/es\/en-india-en-la-universidad-de-mumbai-y-sobre-las-huellas-de-gandhi\/","title":{"rendered":"En India: en la universidad de Mumbai y sobre las huellas de Gandhi"},"content":{"rendered":"<p><div id=\"attachment_134936\" style=\"width: 390px\" class=\"wp-caption alignright\"><a href=\"https:\/\/www.focolare.org\/wp-content\/uploads\/2016\/02\/20160218-04.jpg\"><img loading=\"lazy\" decoding=\"async\" aria-describedby=\"caption-attachment-134936\" class=\"wp-image-134936\" src=\"https:\/\/www.focolare.org\/wp-content\/uploads\/2016\/02\/20160218-04.jpg\" alt=\"20160218-04\" width=\"380\" height=\"255\" \/><\/a><p id=\"caption-attachment-134936\" class=\"wp-caption-text\">\u00a9 CSC Audiovisivi \u2013 All rights reserved<\/p><\/div>  <strong>Las escrituras tradicionales del hinduismo y el carisma de <a href=\"https:\/\/www.focolare.org\/es\/chiara-lubich\/\">Chiara Lubich<\/a> <\/strong>fueron confrontadas en tres mesas redondas en el departamento de Sanscrito de la Mumbai Vidya Peeth, el pasado 7 de febrero. \u00bfCu\u00e1l es la formaci\u00f3n acad\u00e9mica necesaria en el contexto actual para dar relevancia al di\u00e1logo? Una formaci\u00f3n orientada a la <strong>valoraci\u00f3n del otro. <\/strong>En las intervenciones subrayaron la experiencia de di\u00e1logo vivida en estos a\u00f1os entre los miembros de los Focolares y profesores de tradici\u00f3n hind\u00fa. Siguieron algunas consideraciones a la luz de la ense\u00f1anza de algunos recientes reformadores del hinduismo, como Swami Vivekananda, Juddi Krishnamurty y el Mahatma Gandhi. Estaban presentes en el congreso, adem\u00e1s de varios representantes locales del Movimiento de los Focolares, varios estudiantes y asistentes del departamento de Filosof\u00eda y de Sanscrito de la Universidad de Mumbai. Fueron positivos los comentarios, expresados por las profesoras Shubada Joshi, Madhavi Narsalay y Meenal Katarnikar, hacen esperar un desarrollo futuro del camino iniciado hace quince a\u00f1os por Chiara Lubich en su primera visita a Mumbai.  <div id=\"attachment_134965\" style=\"width: 390px\" class=\"wp-caption alignleft\"><a href=\"https:\/\/www.focolare.org\/wp-content\/uploads\/2016\/02\/20160218-06.jpg\"><img loading=\"lazy\" decoding=\"async\" aria-describedby=\"caption-attachment-134965\" class=\"wp-image-134965\" src=\"https:\/\/www.focolare.org\/wp-content\/uploads\/2016\/02\/20160218-06.jpg\" alt=\"20160218-06\" width=\"380\" height=\"253\" \/><\/a><p id=\"caption-attachment-134965\" class=\"wp-caption-text\">\u00a9 CSC Audiovisivi \u2013 All rights reserved<\/p><\/div>  <strong>El<\/strong><strong> prof. Sureshchandra Upadhyaya \u2013 <\/strong><strong>acad\u00e9mico de<\/strong><strong> Mumbai<\/strong> -, a prop\u00f3sito de su relaci\u00f3n con los Focolares, en un video-entrevista declar\u00f3: <em>\u00ab<\/em><em>He ido entrando m\u00e1s profundamente en la filosof\u00eda de Chiara, la del Amor, y me he dado cuenta de que (ella) est\u00e1 dirigida a todo ser humano. Chiara pertenece a toda la humanidad. Y cuanto t\u00fa hablas con ella, cuando lees sus libros, te das cuenta que te est\u00e1s leyendo a ti mismo<\/em><em>\u00bb.<\/em> <em>\u00abUpadhyaya <\/em><em>es un hombre de un calibre espiritual e intelectual extraordinario<\/em><em>\u00bb,<\/em> subray\u00f3 Jes\u00fas Mor\u00e1n, copresidente de los Focolares, durante la transmisi\u00f3n en directo de la <a href=\"http:\/\/collegamentoch.focolare.org\/project\/espanol-13\/\">Conexi\u00f3n CH<\/a> el pasado 13 de febrero, <em>\u00ab<\/em><em>es un profeta, en el sentido m\u00e1s bello de la palabra. Una de las profesoras con las que nos encontramos, dijo: \u201cEl fulcro del hinduismo es la divinizaci\u00f3n del hombre y la humanizaci\u00f3n de Dios\u201d. Sobre este punto podemos trabajar juntos<\/em><em>\u00bb.<\/em>  <div id=\"attachment_134933\" style=\"width: 390px\" class=\"wp-caption alignright\"><a href=\"https:\/\/www.focolare.org\/wp-content\/uploads\/2016\/02\/20160218-01.jpg\"><img loading=\"lazy\" decoding=\"async\" aria-describedby=\"caption-attachment-134933\" class=\"wp-image-134933\" src=\"https:\/\/www.focolare.org\/wp-content\/uploads\/2016\/02\/20160218-01.jpg\" alt=\"20160218-01\" width=\"380\" height=\"253\" \/><\/a><p id=\"caption-attachment-134933\" class=\"wp-caption-text\">\u00a9 CSC Audiovisivi \u2013 All rights reserved<\/p><\/div>  <strong>Siguiendo las huellas de<\/strong><strong> Gandhi &#8211; <\/strong>En Coimbatore desde hace a\u00f1os existen dos tipos de colaboraci\u00f3n, tanto a nivel social como cultural y proyectos de formaci\u00f3n informal a la paz y a la prevenci\u00f3n de conflictos. En ese \u00e1mbito se han realizado varias manifestaciones. Se empez\u00f3 con la celebraci\u00f3n del 25\u00b0 aniversario de la fundaci\u00f3n de los <a href=\"https:\/\/www.focolare.org\/news\/2016\/01\/13\/india-sarvodaya-il-sogno-del-bala-shanti\/\"><em>Bala Shanti<\/em><\/a>, que sostiene guarder\u00edas en las aldeas de la zona de Coimbatore, nacidas gracias a una colaboraci\u00f3n entre la AFN y el Shanti Ashram, que permiten asegurar el acceso a la escolaridad tambi\u00e9n a ni\u00f1os de clases sociales discriminadas. La XXI <em>Mesa Redonda Sarvo-Foco <\/em>(entre miembros del movimiento gandhiano Sarvodaya y los Focolares) que puso en evidencia el camino realizado en estos a\u00f1os y el compromiso espiritual, vital y social de quienes se han comprometido en el peregrinaje del di\u00e1logo, junto a sus respectivas instituciones y comunidades (Gandigram University, Madurai Kamaraj University, Shanti Ashram, Gandhi Museum, Bharatya Vidya Bhavan de Coimbatore para mencionar s\u00f3lo algunas).  Tanto en Mumbai como en Coimbatore se examinaron posibles caminos de colaboraci\u00f3n con el <a href=\"http:\/\/www.iu-sophia.org\">Instituto Universitario Sophia<\/a> de Loppiano. Intercambio de docentes y estudiantes, y estudio de los textos de Chiara Lubich en los que se inspira el di\u00e1logo y que son considerados de naturaleza m\u00edstica, por parte de los primeros; acuerdos de colaboraci\u00f3n con tres instituciones Gandhianas del Tamil Nadu, con el objetivo de insertar los estudios Gandhianos dentro del curso de di\u00e1logo interreligioso de Sophia, por parte de los segundos.  <div id=\"attachment_134934\" style=\"width: 390px\" class=\"wp-caption alignright\"><a href=\"https:\/\/www.focolare.org\/wp-content\/uploads\/2016\/02\/20160218-02.jpg\"><img loading=\"lazy\" decoding=\"async\" aria-describedby=\"caption-attachment-134934\" class=\"wp-image-134934\" src=\"https:\/\/www.focolare.org\/wp-content\/uploads\/2016\/02\/20160218-02.jpg\" alt=\"20160218-02\" width=\"380\" height=\"253\" \/><\/a><p id=\"caption-attachment-134934\" class=\"wp-caption-text\">\u00a9 CSC Audiovisivi \u2013 All rights reserved<\/p><\/div>  Antes de dejar Coimbatore, Mar\u00eda Voce, Jes\u00fas Mor\u00e1n y toda la delegaci\u00f3n participaron en la ceremonia de conmemoraci\u00f3n del asesinato del Mahatma Gandhi, que tuvo lugar en la Escuela de <em>Bharatya Vidya Bhavan <\/em>en la periferia de la ciudad. All\u00ed Mar\u00eda Voce propuso una reflexi\u00f3n sobre la dimensi\u00f3n espiritual de la riqu\u00edsima personalidad de Gandhi, subrayando como \u00ab<em>en estos a\u00f1os, nosotros cristianos hemos recibido el don de muchos valores e instituciones del Mahatma y hemos encontrado una sorprendente cercan\u00eda y similitud con el esp\u00edritu que Dios le don\u00f3 a Chiara Lubich<\/em>\u00bb.  \u00abEn el Gandhi Memorial, el mausoleo construido en el lugar donde fue asesinado Gandhi\u2013 <a href=\"http:\/\/collegamentoch.focolare.org\/project\/espanol-13\/\">dijo m\u00e1s tarde la presidente regresando<\/a> \u2013, un lugar de martirio y violencia, todo hablaba de paz, hab\u00eda una armon\u00eda que dejaba en el coraz\u00f3n una serenidad sobrenatural, divina. Era el testimonio de un hombre que venci\u00f3 la violencia con la no violencia. Y esto se ve\u00eda tambi\u00e9n en todos los presentes\u00bb.  &nbsp;  Lee tambi\u00e9n:  <a href=\"https:\/\/www.focolare.org\/es\/news\/2016\/02\/17\/portugues-in-india-un-dialogo-di-cuori-e-menti\/\">En India: un di\u00e1logo de corazones y mentes<\/a>  Servicio en video de la Conexi\u00f3n CH:  https:\/\/vimeo.com\/155552113<\/p>\n","protected":false},"excerpt":{"rendered":"<p>Cuatro momentos significativos bajo el signo del di\u00e1logo interreligioso vividos por la delegaci\u00f3n internacional del Movimiento de los Focolares en India: en Nueva Delhi, en Kolhapur, en Coimbatore y en Mumbai. Zoom del mundo acad\u00e9mico de Mumbai y de las iniciativas comunes entre los Focolares y el Shanti Ashram.<\/p>\n","protected":false},"author":34,"featured_media":0,"comment_status":"open","ping_status":"open","sticky":false,"template":"","format":"standard","meta":{"give_campaign_id":0,"_seopress_robots_primary_cat":"","_seopress_titles_title":"","_seopress_titles_desc":"","_seopress_robots_index":"","_et_pb_use_builder":"","_et_pb_old_content":"","_et_gb_content_width":"","footnotes":""},"categories":[46],"tags":[],"class_list":["post-324822","post","type-post","status-publish","format-standard","hentry","category-sin-categorizar"],"_links":{"self":[{"href":"https:\/\/www.focolare.org\/es\/wp-json\/wp\/v2\/posts\/324822","targetHints":{"allow":["GET"]}}],"collection":[{"href":"https:\/\/www.focolare.org\/es\/wp-json\/wp\/v2\/posts"}],"about":[{"href":"https:\/\/www.focolare.org\/es\/wp-json\/wp\/v2\/types\/post"}],"author":[{"embeddable":true,"href":"https:\/\/www.focolare.org\/es\/wp-json\/wp\/v2\/users\/34"}],"replies":[{"embeddable":true,"href":"https:\/\/www.focolare.org\/es\/wp-json\/wp\/v2\/comments?post=324822"}],"version-history":[{"count":0,"href":"https:\/\/www.focolare.org\/es\/wp-json\/wp\/v2\/posts\/324822\/revisions"}],"wp:attachment":[{"href":"https:\/\/www.focolare.org\/es\/wp-json\/wp\/v2\/media?parent=324822"}],"wp:term":[{"taxonomy":"category","embeddable":true,"href":"https:\/\/www.focolare.org\/es\/wp-json\/wp\/v2\/categories?post=324822"},{"taxonomy":"post_tag","embeddable":true,"href":"https:\/\/www.focolare.org\/es\/wp-json\/wp\/v2\/tags?post=324822"}],"curies":[{"name":"wp","href":"https:\/\/api.w.org\/{rel}","templated":true}]}}