{"id":324834,"date":"2016-02-22T05:00:26","date_gmt":"2016-02-22T04:00:26","guid":{"rendered":"https:\/\/www.focolare.org\/en-india-con-el-movimiento-swadhyaya\/"},"modified":"2024-05-16T14:52:05","modified_gmt":"2024-05-16T12:52:05","slug":"en-india-con-el-movimiento-swadhyaya","status":"publish","type":"post","link":"https:\/\/www.focolare.org\/es\/en-india-con-el-movimiento-swadhyaya\/","title":{"rendered":"En India, con el Movimiento Swadhyaya"},"content":{"rendered":"<p><img loading=\"lazy\" decoding=\"async\" class=\"size-full wp-image-135121 alignleft\" src=\"https:\/\/www.focolare.org\/wp-content\/uploads\/2016\/02\/P1220049.jpg\" alt=\"P1220049\" width=\"320\" height=\"240\" \/><strong>Kolhapur, <\/strong><strong>en el sur de<\/strong><strong> Maharashtra, a <\/strong><strong>medio camino entre<\/strong><strong> Mumbai <\/strong><strong>y<\/strong><strong> Bangalore<\/strong>, es la ciudad que acogi\u00f3 el encuentro con alrededor de 50 mil seguidores y simpatizantes del <a href=\"http:\/\/www.swadhyay.org\/\">Movimiento Swadhyaya,<\/a> fundado por el reformador hind\u00fa Pandurang Shastri Athawale y guiado actualmente por su hija, Didi. Precisamente la amistad entre esta \u00faltima y Chiara Lubich naci\u00f3 por la consonancia de ideales y esfuerzos, se ha desarrollado a lo largo de los a\u00f1os, y prosigue despu\u00e9s de la elecci\u00f3n de Mar\u00eda Voce como presidente del Movimiento de los Focolares. Despu\u00e9s de dos encuentros entre ambas sucesoras de los dos fundadores de ambos Movimientos, lleg\u00f3 una invitaci\u00f3n para Mar\u00eda Voce, Jes\u00fas Mor\u00e1n y la delegaci\u00f3n proveniente de Roma para participar en la sesi\u00f3n conclusiva de una peregrinaci\u00f3n emprendida por alrededor de 10 mil parejas del Movimiento <em>Swadhyay Parivar<\/em> (la familia del conocimiento de s\u00ed mismos). Estas parejas, que desde hace a\u00f1os est\u00e1n comprometidas en el Movimiento de renovaci\u00f3n hind\u00fa, transcurrieron una semana en contacto con otras familias de la zona de Kolhapur para llevarles los ideales y la dimensi\u00f3n espiritual de su Movimiento, visitaron tambi\u00e9n un importante templo de la zona.  <img loading=\"lazy\" decoding=\"async\" class=\"size-full wp-image-135123 alignright\" src=\"https:\/\/www.focolare.org\/wp-content\/uploads\/2016\/02\/P1220275.jpg\" alt=\"P1220275\" width=\"320\" height=\"240\" \/>En la ceremonia conclusiva, que tuvo lugar en una gran plaza en el centro de la ciudad, despu\u00e9s de algunas manifestaciones folkl\u00f3ricas, <strong>Didi Talwalkar<\/strong> le habl\u00f3 a todos de su amistad con Chiara Lubich y la present\u00f3 como una l\u00edder cat\u00f3lica, fundadora del Movimiento de los Focolares. Al final, despu\u00e9s de que proyectaron im\u00e1genes que pon\u00edan de relieve la profunda relaci\u00f3n entre ellas, Mar\u00eda Voce ofreci\u00f3, tal como le hab\u00edan pedido, un saludo y la bendici\u00f3n de Chiara en el esp\u00edritu del di\u00e1logo y de la dimensi\u00f3n com\u00fan de la <em>\u00fanica familia humana, <\/em>que tambi\u00e9n se subraya en libros sagrados hind\u00faes como el <em>vasudhaiva kutumbakan.<\/em> Fue un momento de gran intensidad y emoci\u00f3n espiritual, que reforz\u00f3 el v\u00ednculo entre las dos l\u00edderes de sus respectivos Movimientos.  <strong>Al<\/strong> <strong>final del viaje emergi\u00f3 que el camino recorrido en estos a\u00f1os <\/strong>representa una experiencia nueva para el di\u00e1logo entre los seguidores de la religi\u00f3n de India y los cristianos, iluminada por la espiritualidad de la unidad. Existe la conciencia de que desde hace a\u00f1os est\u00e1n viviendo una experiencia de fraternidad profunda a nivel vital, pero tambi\u00e9n intelectual, con experiencias preciosas de colaboraci\u00f3n en el \u00e1mbito social. Es una experiencia que sigue abriendo caminos de di\u00e1logo y profundizaci\u00f3n en los respectivos credos, a la luz del carisma de Chiara. Ella es vista como una mujer que ha sabido interpretar los signos de los tiempos y ha sabido ofrecer al mundo un esp\u00edritu que puede integrar a todos en un peregrinaje hacia la Verdad.  El di\u00e1logo con Mar\u00eda Voce y Jes\u00fas Mor\u00e1n, a su regreso, durante la <a href=\"http:\/\/collegamentoch.focolare.org\/project\/espanol-13\/\">Conexi\u00f3n CH<\/a> en directo del 13 de febrero, se concluy\u00f3 con esta pregunta: \u00bfCu\u00e1l es su impresi\u00f3n de este gran mundo hind\u00fa, donde los cristianos son apenas el 2% de la poblaci\u00f3n, que supera el bill\u00f3n? \u00abDe una Iglesia peque\u00f1a pero viva, viv\u00edsima\u00bb, respondi\u00f3 la presidente. \u00abIndia es un gran don \u2013agreg\u00f3 el copresidente-. Aman mucho el pluralismo, y lo viven de un modo inclusivo. A cada uno le dan el espacio para manifestar expl\u00edcitamente su fe. Esto es un don para Occidente, donde en cambio, se vive el pluralismo en una forma casi excluyente. Otra cosa es el silencio, el silencio es fundamental para todo tipo de di\u00e1logo. Sin el silencio interior y el silencio interpersonal, no existe posibilidad de di\u00e1logo\u00bb. \u00abY este silencio \u2013 concluye Mar\u00eda Voce \u2013 expresa tambi\u00e9n el alma religiosa del pueblo de India. El don que pueden hacer al Occidente \u2013como se los dije a ellos- es hacernos redescubrir el sentido de Dios, el sentir a Dios\u00bb.  &nbsp;  Lee tambi\u00e9n: <a href=\"https:\/\/www.focolare.org\/es\/news\/2016\/02\/17\/portugues-in-india-un-dialogo-di-cuori-e-menti\/\"><strong>E<\/strong><strong>n India: un <\/strong><strong>di\u00e1logo de corazones y mentes<\/strong><\/a>  <strong>\u00a0<\/strong><\/p>\n","protected":false},"excerpt":{"rendered":"<p>Hemos recorrido las etapas del largo viaje de Mar\u00eda Voce y Jes\u00fas Mor\u00e1n por el subcontinente indio, bajo el perfil del di\u00e1logo interreligioso. Es necesario hacer una referencia aparte sobre el encuentro con 50mil seguidores y simpatizantes del Movimiento Swadhyaya, en Kolhapur.<\/p>\n","protected":false},"author":34,"featured_media":0,"comment_status":"open","ping_status":"open","sticky":false,"template":"","format":"standard","meta":{"give_campaign_id":0,"_seopress_robots_primary_cat":"","_seopress_titles_title":"","_seopress_titles_desc":"","_seopress_robots_index":"","_et_pb_use_builder":"","_et_pb_old_content":"","_et_gb_content_width":"","footnotes":""},"categories":[46],"tags":[],"class_list":["post-324834","post","type-post","status-publish","format-standard","hentry","category-sin-categorizar"],"_links":{"self":[{"href":"https:\/\/www.focolare.org\/es\/wp-json\/wp\/v2\/posts\/324834","targetHints":{"allow":["GET"]}}],"collection":[{"href":"https:\/\/www.focolare.org\/es\/wp-json\/wp\/v2\/posts"}],"about":[{"href":"https:\/\/www.focolare.org\/es\/wp-json\/wp\/v2\/types\/post"}],"author":[{"embeddable":true,"href":"https:\/\/www.focolare.org\/es\/wp-json\/wp\/v2\/users\/34"}],"replies":[{"embeddable":true,"href":"https:\/\/www.focolare.org\/es\/wp-json\/wp\/v2\/comments?post=324834"}],"version-history":[{"count":0,"href":"https:\/\/www.focolare.org\/es\/wp-json\/wp\/v2\/posts\/324834\/revisions"}],"wp:attachment":[{"href":"https:\/\/www.focolare.org\/es\/wp-json\/wp\/v2\/media?parent=324834"}],"wp:term":[{"taxonomy":"category","embeddable":true,"href":"https:\/\/www.focolare.org\/es\/wp-json\/wp\/v2\/categories?post=324834"},{"taxonomy":"post_tag","embeddable":true,"href":"https:\/\/www.focolare.org\/es\/wp-json\/wp\/v2\/tags?post=324834"}],"curies":[{"name":"wp","href":"https:\/\/api.w.org\/{rel}","templated":true}]}}