{"id":324864,"date":"2016-03-03T12:00:58","date_gmt":"2016-03-03T11:00:58","guid":{"rendered":"https:\/\/www.focolare.org\/algunos-eventos-en-el-mundo-por-el-8-aniversario-14-3-2016-de-la-muerte-de-chiara-lubich\/"},"modified":"2024-05-16T14:52:11","modified_gmt":"2024-05-16T12:52:11","slug":"algunos-eventos-en-el-mundo-por-el-8-aniversario-14-3-2016-de-la-muerte-de-chiara-lubich","status":"publish","type":"post","link":"https:\/\/www.focolare.org\/es\/algunos-eventos-en-el-mundo-por-el-8-aniversario-14-3-2016-de-la-muerte-de-chiara-lubich\/","title":{"rendered":"Algunos eventos en el mundo por el 8\u00b0 aniversario (14.3.2016) de la muerte de Chiara Lubich"},"content":{"rendered":"<p><strong>5.3.2016 &#8211; Brescia (Italia)<\/strong> En la Universidad cat\u00f3lica, congreso \u201cPablo VI y Chiara Lubich, la profec\u00eda de una Iglesia que se vuelve di\u00e1logo\u201d, organizado con la colaboraci\u00f3n del Instituto Pablo VI en continuidad con las \u201cJornadas de estudio\u201d que tuvieron lugar en Castel Gandolfo en noviembre de 2014. Entre los relatores estar\u00e1n: Mons. Vincenzo Zani, Secretario de la Congregaci\u00f3n para la Educaci\u00f3n Cat\u00f3lica; Luc\u00eda Albignente, responsable del sector \u2018historia\u2019 del Centro Chiara Lubich; el Pbro. Angelo Maffeis, presidente del Instituto Pablo VI; Franco Monaco, pol\u00edtico y periodista; Alberto Lo Presti, profesor de Teor\u00eda pol\u00edtica del Instituto Universitario Sophia.  <strong>6.3.2016 \u2013 Vicenza (Italia)<\/strong> \u2018M\u00e1s all\u00e1 de las fronteras\u2019, congreso interreligioso en el Centro A. Onisto \u2013 Borgo S.Lucia, 51. Hablar\u00e1n el obispo em\u00e9rito de Alepo Mons. Armando Bortolaso, el im\u00e1n de las comunidades isl\u00e1micas del V\u00e9neto, Dr. Kamel Layachi y Rita Moussallem del Centro para el di\u00e1logo interreligioso de los Focolares. El evento se concluir\u00e1 con un flashmob en la Plaza de los Se\u00f1ores.  <strong>6.3.2016 \u2013 Olomouc (Rep\u00fablica Checa) <\/strong>En la sala del arzobispado se desarrollar\u00e1 un programa cultural dedicado a la figura de Chiara Lubich como promotora de paz. Al terminar, el arzobispo Mons. Jan Graubner celebrar\u00e1 la Santa Misa en la catedral.  <strong>8.3.2916 \u2013 Ischia (Italia)<\/strong> En el auditorio multifuncional de la isla, a las 19.30, velada sobre el tema Trabajo y temas correlativos (dignidad, legalidad, mujer, etc.) Participar\u00e1n Patience Moll\u00e8 Lob\u00e8 (ingeniero civil de Camer\u00fan), Antonio Diana (empresario). Moderador Carlo Cefaloni (periodista de Citt\u00e0 Nuova experto en problem\u00e1ticas laborales).  <strong>11.3.2016 \u2013 Caserta (Italia)<\/strong> Entre m\u00fasica, testimonios, teatro, en el Palacio Real de Caserta (a partir de las 19,30) tendr\u00e1 lugar una reflexi\u00f3n sobre el pensamiento y la vida de Chiara Lubich con el t\u00edtulo: \u201cEl atractivo del tiempo moderno\u201d. Con la colaboraci\u00f3n de la Di\u00f3cesis y de la Direcci\u00f3n del Palacio.  <strong>12.3.2016 \u2013 Sarajevo (Bosnia Herzegovina) <\/strong>La facultad teol\u00f3gica realizar\u00e1 una Jornada abierta sobre Chiara Lubich con el t\u00edtulo: \u201cEl mensaje de di\u00e1logo y de paz\u201d. Estar\u00e1n presentes personas de otras confesiones cristianas, de otros credos, y de confesiones no religiosas. En la catedral el Card. <b>Vinko Pulji\u0107<\/b>, arzobispo de Sarajevo, presidir\u00e1 la Eucarist\u00eda.  <strong>12.3.2016 \u2013 Castel Gandolfo (Roma, Italia) <\/strong>Ante la presencia de personalidades eclesi\u00e1sticas y civiles se realizar\u00e1 en el Centro Mari\u00e1polis (V\u00eda de La Salle), a las 17.30 una reflexi\u00f3n sobre el tema: \u201cLa cultura del di\u00e1logo como factor de Paz\u201d. Adem\u00e1s de numerosos testimonios, tomar\u00e1 la palabra la presidente de los Focolares Emmaus Mar\u00eda Voce.  <strong>12.3.2016 \u2013 Manfredonia (Italia) <\/strong>7\u00aa edici\u00f3n del \u2018Premio Chiara Lubich Manfredonia\u2019. Estar\u00e1n presentes Vera Baboun, alcalde de Bel\u00e9n y Pasquale Ferrara (diplom\u00e1tico y Secretario general del Instituto Universitario europeo de Florencia). <a href=\"http:\/\/www.manfredonianews.it\/7-edizione-premio-chiara-lubich-sabato-12-marzo-2016\/\" target=\"_blank\" rel=\"noopener\">Info<\/a>  <strong>12.03.2016 \u2013 Solingen (Alemania) <\/strong>En el Centro Mari\u00e1polis \u201cZentrum Frieden\u201d: Con el t\u00edtulo \u201cVivir juntos en la diversidad\u201d el MPPU (Movimiento Pol\u00edtico por la Unidad) alem\u00e1n, invita a una mesa redonda con pol\u00edticos y funcionarios p\u00fablicos de la ciudad. Seguidamente se abrir\u00e1 el di\u00e1logo con los ciudadanos sobre el problema de la integraci\u00f3n de los refugiados.  <strong>12.3.2016 \u2013 Mil\u00e1n (Italia) <\/strong>\u00bb Yo a trav\u00e9s de ti\u201d. El t\u00edtulo subraya c\u00f3mo el buscar la paz nos hace estar cerca del otro y, al mismo tiempo, nos hace m\u00e1s cercanos de lo que verdaderamente estamos. El evento comprender\u00e1 tres momentos distintos, cada uno de los cuales tendr\u00e1 una duraci\u00f3n de media hora, y se repetir\u00e1 en tres lugares diferentes y en horarios diferentes, para dar la posibilidad de participar en los tres: la Bas\u00edlica de San Ambrosio, el Instituto de las Hijas de Mar\u00eda Auxiliadora, el Instituto Gonzaga. <a href=\"http:\/\/milano-eventi.it\/me-attraverso-te\/46853\" target=\"_blank\" rel=\"noopener\">Info<\/a>  <strong>12.3.2016 \u2013 G\u00e9nova (Italia)<\/strong> Siguiendo el itinerario de profundizaci\u00f3n en la enc\u00edclica \u2018Laudato si\u2019, en la sala del Consejo Menor del palacio Ducal se tratar\u00e1 el tema: \u201cLas religiones dialogan por la Paz y por el ambiente\u201d. Participar\u00e1n Huseim Salah (presidente de la Comunidad Isl\u00e1mica de G\u00e9nova), Giuseppe Momigliano (Rabino jefe de G\u00e9nova) Gnanathilaka Mahauswewe (monje budista), Andrea Ponta (ingeniero ambiental), Roberto Catalano (centro del Di\u00e1logo interreligioso de los Focolares).  <strong>13.3.2016 \u2013 Bujumbura (Burundi)\u00a0<\/strong>En el Liceo Scheppen de<b>\u00a0<\/b><span style=\"line-height: 1.42857\">Nyakabiga<\/span>, di\u00e1logo sobre el tema: \u201cMisericordiosos como el Padre celeste, constructores de paz\u201d. Entre los relatores estar\u00e1 el arzobispo de Bujumbura Mons. Evariste Ngoyagoye.  <strong>13.3.2016 \u2013 Vung Tau (Vietnam)<\/strong> Durante el congreso anual de los Focolares en Vietnam (la Mari\u00e1polis), ante la presencia del obispo Mons. Joseph Tran V\u0103n Toan, quien presidir\u00e1 la celebraci\u00f3n eucar\u00edstica, se presentar\u00e1 el documental sobre Chiara Lubich: \u201cHistoria, carisma, cultura\u201d.  <strong>14.3.2016 \u2013 Verona (Italia)<\/strong> En el Palacio Gran Guardia se otorgar\u00e1 el \u201cPremio Fraternidad Chiara Lubich por una cultura de paz\u201d, estar\u00e1n presentes Sharharzad Houshmand (te\u00f3loga musulmana) Giuseppe Mil\u00e1n (docente de la Universidad de Padua), Aurora Nicosia (periodista).  <strong>14.3.2016 \u2013 Trento (Italia) <\/strong>En la Fundaci\u00f3n Demarchi, presentaci\u00f3n del libro de I. Pedrini: \u201cEl otro Novecientos: en el testimonio de Duccia Calderari\u201d. La biograf\u00eda de Duccia, una de las primeras testigos junto a Chiara Lubich del nacimiento de los Focolares, le permitir\u00e1 a los relatores: Monica Ronchini investigadora, Giuseppe Ferrandi, director del Museo hist\u00f3rico del Trentino, Lucia Fronza Crepaz, ex diputada, profundizar en la figura de Chiara como constructora de paz.  <strong>14.3.2916 \u2013 La Habana (Cuba) <\/strong>En el Centro cultural Fray Bartolom\u00e9 de las Casas, presentaci\u00f3n de la figura di Chiara en relaci\u00f3n a la paz, estar\u00e1 presente el Nuncio Apost\u00f3lico Mons. Giorgio Lingua. Seguir\u00e1 un concierto del Grupo de M\u00fasica Antigua \u2018Ars Longa\u2019.  <strong>14.3.2016 \u2013 Houston, Texas (USA) <\/strong>\u201cUnidad en la diversidad\u201d. Es el t\u00edtulo de la conferencia interreligiosa que tendr\u00e1 lugar el 19 de marzo, en la Universidad de San Thomas.Ser\u00e1 presidida por la celebraci\u00f3n en la capilla de San Basilio, de la Misa cat\u00f3lica que ser\u00e1 celebrada por el Arzobispo de Galveston-Houston, Mons.\u00a0Joseph Anthony Fiorenza. Entre los relatores estar\u00e1n, adem\u00e1s del arzobispo, el im\u00e1n Qasim Ahmed (del Instituto Isl\u00e1mico), el rabino Steve Morgen (de la Congregaci\u00f3n Beth Yeshurun) y Therese Lee (de los Focolares). <a href=\"https:\/\/www.eventbrite.com\/e\/unity-in-diversity-tickets-21530135214?utm-medium=discovery&amp;utm-campaign=social&amp;utm-content=attendeeshare&amp;aff=esfb&amp;utm-source=fb&amp;utm-term=listing\" target=\"_blank\" rel=\"noopener\">Info<\/a>  <strong>14.3.2016 \u2013 Manila (Filipinas) <\/strong>En el marco de las celebraciones del 50\u00ba de la llegada de los Focolares a Asia, se realizar\u00e1, en la Universidad de La Salle, un simposio sobre el tema: \u201cEl carisma de la unidad una herencia fuera del tiempo\u201d. Numerosas personalidades religiosas conducir\u00e1n la reflexi\u00f3n sobre el aporte de Chiara Lubich a la unidad entre las Iglesias, entre las religiones y en la sociedad, y sobre la reciprocidad evang\u00e9lica, que es su estilo de vida caracter\u00edstico y crea fragmentos de fraternidad.  <strong>14.3.2016 \u2013 Roma \u2013 Santuario Divino Amor <\/strong>A las 18,30 Santa Misa. Ser\u00e1 celebrada por el Card. <strong>Jo\u00e3o Braz de Aviz<\/strong><strong>,<\/strong> prefecto de la Congregaci\u00f3n para la vida consagrada. <a href=\"http:\/\/www.romaamor.it\/wp\/?p=16518\" target=\"_blank\" rel=\"noopener\">Info<\/a>  <strong>16.3.2016 \u2013 Roma \u2013 C\u00e1mara de diputados.\u00a0<\/strong>Presentaci\u00f3n de un manifiesto con propuestas concretas por la paz, el desarme y la reconversi\u00f3n industrial. Para recibir en el Parlamento a los J\u00f3venes por un Mundo Unido, quienes junto al Movimiento Pol\u00edtico por la Unidad y las Escuelas de participaci\u00f3n han promovido la iniciativa, adem\u00e1s de varios diputados. Estar\u00e1 presente la presidente de la C\u00e1mara, Boldrini y el Ministro de Asuntos Exteriores, Gentiloni.  <strong>16.3.2016 \u2013 Sevilla (Espa\u00f1a) <\/strong>En el Seminario Metropolitano, el prof Manuel Palma, vicedirector del centro de Estudios Teol\u00f3gicos de Sevilla, hablar\u00e1 de Jes\u00fas pr\u00edncipe de la paz en la espiritualidad de Chiara Lubich. Seguir\u00e1 un excurso sobre la paz en el Islam presentado por el Im\u00e1n Allah Bashar de la mezquita del rey Abdul Aziz Al Saud de Marbella, M\u00e1laga), quien hablar\u00e1 tambi\u00e9n de su relaci\u00f3n con Chiara Lubich.  <strong>18-20.3.2016 \u2013Milano (Italia) \u2013 Fieramilanocity <\/strong>Dentro de la feria internacional se preparar\u00e1 una exposici\u00f3n del proyecto de Econom\u00eda de Comuni\u00f3n en el cual, en formas distintas, se presentar\u00e1 el mensaje de paz que Chiara Lubich sigue dando al mundo. <a href=\"http:\/\/www.edc-online.org\/it\/home-it\/eventi-italia\/11604-italia-milano-18-03-2016.html\" target=\"_blank\" rel=\"noopener\">Info<\/a>  <strong>19.3.2016 \u2013 Perth (Australia) <\/strong>En la Plaza de Northbridge, estreno de un video clip sobre la Paz realizado por los j\u00f3venes y recolecci\u00f3n de firmas para el llamado #Signup4peace. Habr\u00e1 programas de animaci\u00f3n tambi\u00e9n para los m\u00e1s peque\u00f1os. Estar\u00e1 presente el obispo auxiliar de Perth, Mons. <em>Donald<\/em> George <em>Sproxton<\/em>.<\/p>\n","protected":false},"excerpt":{"rendered":"<p>5.3.2016 &#8211; Brescia (Italia) En la Universidad cat\u00f3lica, congreso \u201cPablo VI y Chiara Lubich, la profec\u00eda de una Iglesia que se vuelve di\u00e1logo\u201d, organizado con la colaboraci\u00f3n del Instituto Pablo VI en continuidad con las \u201cJornadas de estudio\u201d que tuvieron lugar en Castel Gandolfo en noviembre de 2014. Entre los relatores estar\u00e1n: Mons. Vincenzo Zani, [&hellip;]<\/p>\n","protected":false},"author":34,"featured_media":0,"comment_status":"open","ping_status":"open","sticky":false,"template":"","format":"standard","meta":{"give_campaign_id":0,"_seopress_robots_primary_cat":"","_seopress_titles_title":"","_seopress_titles_desc":"","_seopress_robots_index":"","_et_pb_use_builder":"","_et_pb_old_content":"","_et_gb_content_width":"","footnotes":""},"categories":[46],"tags":[],"class_list":["post-324864","post","type-post","status-publish","format-standard","hentry","category-sin-categorizar"],"_links":{"self":[{"href":"https:\/\/www.focolare.org\/es\/wp-json\/wp\/v2\/posts\/324864","targetHints":{"allow":["GET"]}}],"collection":[{"href":"https:\/\/www.focolare.org\/es\/wp-json\/wp\/v2\/posts"}],"about":[{"href":"https:\/\/www.focolare.org\/es\/wp-json\/wp\/v2\/types\/post"}],"author":[{"embeddable":true,"href":"https:\/\/www.focolare.org\/es\/wp-json\/wp\/v2\/users\/34"}],"replies":[{"embeddable":true,"href":"https:\/\/www.focolare.org\/es\/wp-json\/wp\/v2\/comments?post=324864"}],"version-history":[{"count":0,"href":"https:\/\/www.focolare.org\/es\/wp-json\/wp\/v2\/posts\/324864\/revisions"}],"wp:attachment":[{"href":"https:\/\/www.focolare.org\/es\/wp-json\/wp\/v2\/media?parent=324864"}],"wp:term":[{"taxonomy":"category","embeddable":true,"href":"https:\/\/www.focolare.org\/es\/wp-json\/wp\/v2\/categories?post=324864"},{"taxonomy":"post_tag","embeddable":true,"href":"https:\/\/www.focolare.org\/es\/wp-json\/wp\/v2\/tags?post=324864"}],"curies":[{"name":"wp","href":"https:\/\/api.w.org\/{rel}","templated":true}]}}