{"id":324888,"date":"2016-03-13T05:00:32","date_gmt":"2016-03-13T04:00:32","guid":{"rendered":"https:\/\/www.focolare.org\/un-entramado-de-voces-por-la-paz\/"},"modified":"2024-05-16T14:52:18","modified_gmt":"2024-05-16T12:52:18","slug":"un-entramado-de-voces-por-la-paz","status":"publish","type":"post","link":"https:\/\/www.focolare.org\/es\/un-entramado-de-voces-por-la-paz\/","title":{"rendered":"Un entramado de voces por la paz"},"content":{"rendered":"<p><strong><a href=\"https:\/\/www.focolare.org\/wp-content\/uploads\/2016\/03\/20160313-02.jpg\"><img loading=\"lazy\" decoding=\"async\" class=\"alignright wp-image-135996\" src=\"https:\/\/www.focolare.org\/wp-content\/uploads\/2016\/03\/20160313-02.jpg\" alt=\"20160313-02\" width=\"400\" height=\"267\" \/><\/a>La espiritualidad de la unidad nacida de <\/strong><a href=\"https:\/\/www.focolare.org\/es\/chiara-lubich\/chi-e-chiara\/\"><strong>Chiara Lubich<\/strong><\/a><strong> tiene una fuerte relevancia para la paz. <\/strong>Resuena con fuerza este mensaje desde el evento de Castel Gandolfo (Roma) el 12 de marzo pasado, donde 1000 personas se reunieron para releer, a la luz de hoy, la herencia de Chiara Lubich en el campo de la construcci\u00f3n de la paz. Estuvieron presentes embajadores y representantes del cuerpo diplom\u00e1tico ante la Santa Sede y ante el Estado italiano de 20 pa\u00edses: de Marruecos, Libia, Ben\u00edn; de Gab\u00f3n a Turqu\u00eda y Taiw\u00e1n, de Argentina, Venezuela, Cuba, Uruguay y Paraguay, de Estados Unidos y Guatemala, y varias naciones europeas, como Ucrania, Lituania, Albania, Eslovenia, Portugal y Malta.  <strong>Pero la actualidad que se impone ante nuestros ojos ofrece im\u00e1genes de \u201cuna paz violada, a menudo burlada\u201d, <\/strong>hasta llegar a pensar que \u201cvivir en paz ya no le pertenece a las generaciones del Tercer Milenio, dijo <a href=\"https:\/\/www.focolare.org\/news\/2014\/09\/15\/maria-voce\/\">Mar\u00eda Voce<\/a>, presidente del Movimiento de los Focolares, en su saludo. \u00bfC\u00f3mo restablecer el hilo roto en las relaciones entre las personas, entre los pueblos, entre los Estados?  <img loading=\"lazy\" decoding=\"async\" class=\"alignleft wp-image-135989\" src=\"https:\/\/www.focolare.org\/wp-content\/uploads\/2016\/03\/MariaVoce_12.3.206.jpg\" alt=\"MariaVoce_12.3.206\" width=\"200\" height=\"300\" \/>\u201cEn la sede de la UNESCO Chiara Lubich ofreci\u00f3 un m\u00e9todo para educar a la paz\u201d, record\u00f3 Mar\u00eda Voce. Es la espiritualidad de la unidad, que pone las bases para una cultura del di\u00e1logo. Lo demuestran las 4 experiencias contadas a continuaci\u00f3n: desde la sencillez del \u201cdado de la paz\u201d, que se ha convertido en la base para el desarrollo de <a href=\"https:\/\/www.focolare.org\/news\/2015\/05\/15\/living-peace-2015-parole-e-immagini-dal-cairo\/\"><em>Living Peace<\/em><\/a><em>,<\/em> un proyecto en las escuelas del Cairo que hoy ha llegado a 300 escuelas en 110 pa\u00edses, involucrando a m\u00e1s de 100 mil ni\u00f1os y adolescentes; al di\u00e1logo entre musulmanes y cristianos en Italia en el marco de las tensiones que atraviesan el continente; hasta la \u201cmilagrosa\u201d historia de Fontem, en Camer\u00fan, en donde Chiara Lubich preve\u00eda el futuro de la unidad entre los pueblos, simbolizado en el pacto estrechado entre los dos jefes de la tribu; y todav\u00eda su gran sue\u00f1o de influir en la sociedad a trav\u00e9s de la cultura y el pensamiento, que la llev\u00f3 a hacer nacer el <a href=\"http:\/\/www.iu-sophia.org\">Instituto Universitario Sophia<\/a> (Loppiano, Florencia).  <img loading=\"lazy\" decoding=\"async\" class=\"alignright wp-image-135992\" src=\"https:\/\/www.focolare.org\/wp-content\/uploads\/2016\/03\/GenVerde_12.3.2016.jpg\" alt=\"GenVerde_12.3.2016\" width=\"400\" height=\"225\" \/><strong>Desde el palco del Centro Mari\u00e1polis de Castel Gandolfo habl\u00f3 tambi\u00e9n el <\/strong><a href=\"http:\/\/www.genverde.it\"><strong>Gen Verde<\/strong><\/a>: las canciones de su nuevo espect\u00e1culo \u201cOn the Other Side\u201d \u2013 que recientemente presentaron en una gira por Hong Kong y Taiw\u00e1n \u2013 van en esta direcci\u00f3n. Las canciones mencionan el sacrificio de los monjes de Tiberina en Argelia, la canci\u00f3n de cuna para una ni\u00f1a sin nombre que se ahog\u00f3 durante uno de los tantos viajes de la esperanza, la voz de la verdad de Oscar Romero, el obispo salvadore\u00f1o, hoy beato, asesinado por mano criminal, el grito de la selva amaz\u00f3nica que se va empobreciendo. El trabajo del Gen Verde quiere poner bases s\u00f3lidas a la construcci\u00f3n de la paz, a partir de los miles de j\u00f3venes involucrados en sus talleres. Tambi\u00e9n ellos se han encaminado a ser, all\u00ed donde se encuentran, \u201csemillas de un pueblo nuevo, de un mundo m\u00e1s solidario, sobre todo hacia los m\u00e1s peque\u00f1os, los m\u00e1s pobres\u201d como dijo Chiara Lubich en la UNESCO, de \u201cun mundo m\u00e1s unido\u201d; sin esconder que el secreto para realizarlo radica en tener el valor de saber padecer, de saber aceptar el esfuerzo y el sufrimiento que esto conlleva. \u201cSi algunas personas aceptaran el sufrimiento por amor, el sufrimiento que el amor exige \u2013como hab\u00eda dicho Chiara-, \u00e9ste podr\u00eda convertirse en el arma m\u00e1s potente para donar a la humanidad su m\u00e1s alta dignidad: la de sentirse no tanto un conjunto de pueblos uno al lado del otro, a menudo en disputa entre ellos, sino un solo pueblo\u201d.  &nbsp;  &nbsp;<\/p>\n","protected":false},"excerpt":{"rendered":"<p>A 20 a\u00f1os de distancia de la entrega a Chiara Lubich del Premio UNESCO por la Educaci\u00f3n a la Paz (Par\u00eds 1996) y el 8\u00ba aniversario de su muerte (14 de marzo de 2008), la cita de Castel Gandolfo expresa con lenguaje art\u00edstico y con testimonios la cultura del di\u00e1logo como factor de paz.<\/p>\n","protected":false},"author":34,"featured_media":0,"comment_status":"open","ping_status":"open","sticky":false,"template":"","format":"standard","meta":{"give_campaign_id":0,"_seopress_robots_primary_cat":"","_seopress_titles_title":"","_seopress_titles_desc":"","_seopress_robots_index":"","_et_pb_use_builder":"","_et_pb_old_content":"","_et_gb_content_width":"","footnotes":""},"categories":[46],"tags":[],"class_list":["post-324888","post","type-post","status-publish","format-standard","hentry","category-sin-categorizar"],"_links":{"self":[{"href":"https:\/\/www.focolare.org\/es\/wp-json\/wp\/v2\/posts\/324888","targetHints":{"allow":["GET"]}}],"collection":[{"href":"https:\/\/www.focolare.org\/es\/wp-json\/wp\/v2\/posts"}],"about":[{"href":"https:\/\/www.focolare.org\/es\/wp-json\/wp\/v2\/types\/post"}],"author":[{"embeddable":true,"href":"https:\/\/www.focolare.org\/es\/wp-json\/wp\/v2\/users\/34"}],"replies":[{"embeddable":true,"href":"https:\/\/www.focolare.org\/es\/wp-json\/wp\/v2\/comments?post=324888"}],"version-history":[{"count":0,"href":"https:\/\/www.focolare.org\/es\/wp-json\/wp\/v2\/posts\/324888\/revisions"}],"wp:attachment":[{"href":"https:\/\/www.focolare.org\/es\/wp-json\/wp\/v2\/media?parent=324888"}],"wp:term":[{"taxonomy":"category","embeddable":true,"href":"https:\/\/www.focolare.org\/es\/wp-json\/wp\/v2\/categories?post=324888"},{"taxonomy":"post_tag","embeddable":true,"href":"https:\/\/www.focolare.org\/es\/wp-json\/wp\/v2\/tags?post=324888"}],"curies":[{"name":"wp","href":"https:\/\/api.w.org\/{rel}","templated":true}]}}