{"id":324930,"date":"2016-03-23T09:16:53","date_gmt":"2016-03-23T08:16:53","guid":{"rendered":"https:\/\/www.focolare.org\/bruselas\/"},"modified":"2024-05-16T14:52:28","modified_gmt":"2024-05-16T12:52:28","slug":"bruselas","status":"publish","type":"post","link":"https:\/\/www.focolare.org\/es\/bruselas\/","title":{"rendered":"Bruselas"},"content":{"rendered":"<p><a href=\"https:\/\/www.focolare.org\/wp-content\/uploads\/2016\/03\/Slide_Bruxelles.jpg\"><img loading=\"lazy\" decoding=\"async\" class=\"alignnone size-full wp-image-136589\" src=\"https:\/\/www.focolare.org\/wp-content\/uploads\/2016\/03\/Slide_Bruxelles.jpg\" alt=\"Slide_Bruxelles\" width=\"693\" height=\"210\" \/><\/a>  &nbsp; <\/p>\n<p class=\"entry-title\"><a href=\"https:\/\/www.focolare.org\/es\/news\/2016\/03\/23\/a-bruxelles-dio-piange-con-noi\/\">En Bruselas, Dios llora con nosotros<\/a><\/p>\n<p class=\"entry-title\">\n","protected":false},"excerpt":{"rendered":"<p>&#8216;@SIF_es Rezamos por las v\u00edctimas en B\u00e9lgica y tambi\u00e9n en Yemen, Turqu\u00eda, Nigeria y en atentados recientes. Nuestra cercan\u00eda a familias y poblaciones.<\/p>\n","protected":false},"author":34,"featured_media":0,"comment_status":"open","ping_status":"open","sticky":false,"template":"","format":"standard","meta":{"give_campaign_id":0,"_seopress_robots_primary_cat":"","_seopress_titles_title":"","_seopress_titles_desc":"","_seopress_robots_index":"","_et_pb_use_builder":"","_et_pb_old_content":"","_et_gb_content_width":"","footnotes":""},"categories":[46],"tags":[],"class_list":["post-324930","post","type-post","status-publish","format-standard","hentry","category-sin-categorizar"],"_links":{"self":[{"href":"https:\/\/www.focolare.org\/es\/wp-json\/wp\/v2\/posts\/324930","targetHints":{"allow":["GET"]}}],"collection":[{"href":"https:\/\/www.focolare.org\/es\/wp-json\/wp\/v2\/posts"}],"about":[{"href":"https:\/\/www.focolare.org\/es\/wp-json\/wp\/v2\/types\/post"}],"author":[{"embeddable":true,"href":"https:\/\/www.focolare.org\/es\/wp-json\/wp\/v2\/users\/34"}],"replies":[{"embeddable":true,"href":"https:\/\/www.focolare.org\/es\/wp-json\/wp\/v2\/comments?post=324930"}],"version-history":[{"count":0,"href":"https:\/\/www.focolare.org\/es\/wp-json\/wp\/v2\/posts\/324930\/revisions"}],"wp:attachment":[{"href":"https:\/\/www.focolare.org\/es\/wp-json\/wp\/v2\/media?parent=324930"}],"wp:term":[{"taxonomy":"category","embeddable":true,"href":"https:\/\/www.focolare.org\/es\/wp-json\/wp\/v2\/categories?post=324930"},{"taxonomy":"post_tag","embeddable":true,"href":"https:\/\/www.focolare.org\/es\/wp-json\/wp\/v2\/tags?post=324930"}],"curies":[{"name":"wp","href":"https:\/\/api.w.org\/{rel}","templated":true}]}}