{"id":324944,"date":"2016-03-28T03:00:58","date_gmt":"2016-03-28T01:00:58","guid":{"rendered":"https:\/\/www.focolare.org\/despues-de-grand-bassam-un-testimonio-de-la-costa-de-marfil\/"},"modified":"2024-05-16T14:52:31","modified_gmt":"2024-05-16T12:52:31","slug":"despues-de-grand-bassam-un-testimonio-de-la-costa-de-marfil","status":"publish","type":"post","link":"https:\/\/www.focolare.org\/es\/despues-de-grand-bassam-un-testimonio-de-la-costa-de-marfil\/","title":{"rendered":"Despu\u00e9s de Grand Bassam: un testimonio de la Costa de Marfil"},"content":{"rendered":"<p><strong><a href=\"https:\/\/www.focolare.org\/wp-content\/uploads\/2016\/03\/20160329-01.jpg\"><img loading=\"lazy\" decoding=\"async\" class=\"size-full wp-image-136730 alignright\" src=\"https:\/\/www.focolare.org\/wp-content\/uploads\/2016\/03\/20160329-01.jpg\" alt=\"20160329-01\" width=\"320\" height=\"214\" \/><\/a>\u00abEl 13 de marzo pasado la Costa de Marfil y el mundo entero reciberon con estupor la noticia <\/strong>de que la ciudad balnearia de Grand-Bassam hab\u00eda sido duramente atacada por desconocidos y que era a\u00fan dif\u00edcil contar el n\u00famero de las v\u00edctimas\u00bb, escriben Jeanne Kabanga y Damase Djato, de los Focolares de Abidjan. \u00abEs posible imaginar el estrago porque durante el fin de semana muchas personas llegan a este lugar desde Abijan, ciudad ubicada a 40 km del lugar y llegan tambi\u00e9n de otras partes de la regi\u00f3n, para descansar en esta playa frente al Hotel llamado \u00abLa estrella del SUR\u00bb. Es un lugar muy visitado sobre todo por los turistas de muchas procedencias. Grand-Bassam \u2013recordamos- fue la primera capital de la Costa de Marfil y est\u00e1 clasificada como patrimonio mundial de la UNESCO\u00bb  <strong><img loading=\"lazy\" decoding=\"async\" class=\"alignleft wp-image-136729\" src=\"https:\/\/www.focolare.org\/wp-content\/uploads\/2016\/03\/MonsJosephSpiter.jpg\" alt=\"MonsJosephSpiteri\" width=\"300\" height=\"200\" \/>Ese mismo d\u00eda, 180 personas se hab\u00edan reunido en Abijan para reflexionar sobre la actualidad <\/strong>del mensaje de <a href=\"https:\/\/www.focolare.org\/es\/chiara-lubich\/chi-e-chiara\/\">Chiara Lubich<\/a>, quien recibi\u00f3 el premio UNESCO para la educaci\u00f3n a la paz, en el a\u00f1o 1996, y el 14 de marzo se conmemoraba el 8\u00ba aniversario de su muerte. Entre ellos estaban el Nuncio apost\u00f3lico de Costa de Marfil, Mons. Joseph Spiteri y el Im\u00e1n Diara. Cada a\u00f1o, por invitaci\u00f3n suya, la comunidad de los Focolares participa en su mezquita en la celebraci\u00f3n del <em>Maouloud <\/em>(conmemoraci\u00f3n del nacimiento del Profeta). \u00abDe sus palabras \u2013y partiendo de la invitaci\u00f3n de Chiara a los actores pol\u00edticos de vivir el arte de amar como verdadera terapia para nuestra \u00e9poca- hemos descubierto juntos nuestro deber de amar a todos sin distinci\u00f3n, para no perdernos en los fundamentalismos, sino por el contrario cultivando la esperanza y la misericordia\u00bb. \u00abNuestra tendencia, en cambio, subray\u00f3 el Nuncio, es la de dar lugar a la misericordia antes que al juicio\u00bb, pues, \u00absi los musulmanes y los cristianos se amaran\u00bb, subray\u00f3 el Im\u00e1n, \u00abel mundo se salvar\u00eda\u00bb.  <strong>Los j\u00f3venes y los chicos que estuvieron presentes hablaron sobre su compromiso en la recolecci\u00f3n de firmas por la paz. <\/strong>\u00a0Despu\u00e9s de haber preparado con esmero fragmentos de mensajes de Gandhi, de la Madre Teresa de Calcuta, de Chiara Lubich, del Dalai Lama, salieron a la calle a distribuirlos entre la gente. \u00abNo era f\u00e1cil acercarse a los adultos para presentarles el proyecto \u2013 que continuaremos distribuyendo tambi\u00e9n durante la Semana del Mundo Unido- pero vencimos nuestro temor\u00bb. El relato de los m\u00e1s peque\u00f1os es lo que m\u00e1s impact\u00f3 a los presentes, tambi\u00e9n porque estaba impregnado de muchos episodios concretos que hablaban de su compromiso de ser \u201cmensajeros de paz\u201d en su propio ambiente. \u00abUna vez, en casa \u2013 cuenta Marie Lucie- mi hermana m\u00e1s chica no hab\u00eda lavado los platos. En el momento del almuerzo por lo tanto no pod\u00edamos comer. Le dije que los lavara, pero no quiso. Me dije a m\u00ed misma que \u2013 si los lavo yo- realizar\u00e9 un gesto de paz. Hice as\u00ed y pudimos comer\u00bb. \u00abEn la escuela \u2013 cuenta Prince- algunos compa\u00f1eros se burlaban de otro, que era m\u00e1s d\u00e9bil; lo insultaban y le pegaban. Con otro muchacho decidimos intervenir, hablamos con ellos, explic\u00e1ndoles los ideales de paz en que creemos y pidi\u00e9ndoles que lo dejen tranquilo. Dejaron de hacerlo y ahora son todos amigos\u00bb  <strong><a href=\"https:\/\/www.focolare.org\/wp-content\/uploads\/2016\/03\/160220_Abidjan_06_rid.jpg\"><img loading=\"lazy\" decoding=\"async\" class=\"size-full wp-image-136727 alignright\" src=\"https:\/\/www.focolare.org\/wp-content\/uploads\/2016\/03\/160220_Abidjan_06_rid.jpg\" alt=\"160220_Abidjan_06_rid\" width=\"300\" height=\"191\" \/><\/a><\/strong>En este contexto, tambi\u00e9n la presentaci\u00f3n de la <a href=\"http:\/\/www.edc-online.org\/es\/portada\/eventos-internacionales\/11718-costa-de-marfil-jornada-para-compartir-la-edc.html\">Econom\u00eda de Comuni\u00f3n, que en Costa de Marfil<\/a> dio ya algunos pasos, result\u00f3 como un posible ant\u00eddoto para la pobreza y la miseria; acciones, a\u00fan peque\u00f1as, como la actividad de Firmin que da clases en uno de los barrios de Abijan. Estas acciones asumen \u2013 en el trasfondo de la construcci\u00f3n capilar de la paz- un significado mayor. Y la recolecci\u00f3n de firmas por la paz expres\u00f3 la toma de conciencia personal de cada uno.  <strong>\u00abCuando volvimos a casa \u2013 contin\u00faan Jeanne y Damase- supimos <\/strong>por la televisi\u00f3n la noticia del atentado de Grand Bassam. Despu\u00e9s de esta jornada en la cual quisimos hablar y experimentamos la paz, est\u00e1 clara la llamada a ser trabajadores por la paz, practicando todo lo que hemos aprendido y sobre todo tratando antes que nada de conservar la paz dentro nuestro, para poder donarla a nuestro alrededor. Solo as\u00ed, nos parece, podremos dar nuestra contribuci\u00f3n para desarmar el terrorismo y toda clase de rencores\u00bb.  &nbsp;  &nbsp;  &nbsp;<\/p>\n","protected":false},"excerpt":{"rendered":"<p>El atentado terrorista del 13 de marzo, en el que fallecieron 18 personas, produjo inestabilidad en la regi\u00f3n. Contin\u00faan las amenazas en varios puntos clave. La peque\u00f1a comunidad de los Focolares, en el cotidiano trabajo de construcci\u00f3n de la paz, no se rinde ante la violencia. Las palabras del Nuncio y del Im\u00e1n.<\/p>\n","protected":false},"author":34,"featured_media":0,"comment_status":"open","ping_status":"open","sticky":false,"template":"","format":"standard","meta":{"give_campaign_id":0,"_seopress_robots_primary_cat":"","_seopress_titles_title":"","_seopress_titles_desc":"","_seopress_robots_index":"","_et_pb_use_builder":"","_et_pb_old_content":"","_et_gb_content_width":"","footnotes":""},"categories":[904],"tags":[],"class_list":["post-324944","post","type-post","status-publish","format-standard","hentry","category-focolare-worldwide-2-2"],"_links":{"self":[{"href":"https:\/\/www.focolare.org\/es\/wp-json\/wp\/v2\/posts\/324944","targetHints":{"allow":["GET"]}}],"collection":[{"href":"https:\/\/www.focolare.org\/es\/wp-json\/wp\/v2\/posts"}],"about":[{"href":"https:\/\/www.focolare.org\/es\/wp-json\/wp\/v2\/types\/post"}],"author":[{"embeddable":true,"href":"https:\/\/www.focolare.org\/es\/wp-json\/wp\/v2\/users\/34"}],"replies":[{"embeddable":true,"href":"https:\/\/www.focolare.org\/es\/wp-json\/wp\/v2\/comments?post=324944"}],"version-history":[{"count":0,"href":"https:\/\/www.focolare.org\/es\/wp-json\/wp\/v2\/posts\/324944\/revisions"}],"wp:attachment":[{"href":"https:\/\/www.focolare.org\/es\/wp-json\/wp\/v2\/media?parent=324944"}],"wp:term":[{"taxonomy":"category","embeddable":true,"href":"https:\/\/www.focolare.org\/es\/wp-json\/wp\/v2\/categories?post=324944"},{"taxonomy":"post_tag","embeddable":true,"href":"https:\/\/www.focolare.org\/es\/wp-json\/wp\/v2\/tags?post=324944"}],"curies":[{"name":"wp","href":"https:\/\/api.w.org\/{rel}","templated":true}]}}