{"id":324948,"date":"2016-03-29T03:00:35","date_gmt":"2016-03-29T01:00:35","guid":{"rendered":"https:\/\/www.focolare.org\/produccion-de-armas-un-problema-de-conciencia\/"},"modified":"2024-05-16T14:52:31","modified_gmt":"2024-05-16T12:52:31","slug":"produccion-de-armas-un-problema-de-conciencia","status":"publish","type":"post","link":"https:\/\/www.focolare.org\/es\/produccion-de-armas-un-problema-de-conciencia\/","title":{"rendered":"Producci\u00f3n de armas. Un problema de conciencia"},"content":{"rendered":"<p><strong><img loading=\"lazy\" decoding=\"async\" class=\"alignleft\" src=\"https:\/\/www.focolare.org\/wp-content\/uploads\/2016\/03\/20160329-a-685x325.jpg\" alt=\"\" width=\"300\" height=\"142\" \/>\u00abA los 19 a\u00f1os dej\u00e9 mi regi\u00f3n \u2013 l\u2019Abruzzo (Italia)- para estudiar ingenier\u00eda aeroespacial en Pisa.<\/strong> Fue un estudio dif\u00edcil pero lleno de satisfacciones: en 5 a\u00f1os logr\u00e9 terminar la especializaci\u00f3n con la nota m\u00e1s alta, incluida una pasant\u00eda en Alemania que enriqueci\u00f3 m\u00e1s mi curr\u00edculum. Todo esto lo pude realizar con el apoyo y los sacrificios de mi familia.  <strong>Cuando me gradu\u00e9 esperaba con ansia poder encontrar mi lugar en el mundo laboral.<\/strong> Pero tuve que afrontar la desocupaci\u00f3n juvenil, que en nuestro pa\u00eds es del 40% y con empresas que cuando va bien ofrecen solamente contratos por poco tiempo o consultor\u00edas con pagos trimestrales o semestrales. Despu\u00e9s de algunos meses empleados en enviar en vano mi curr\u00edculum, comenc\u00e9 a pensar que tal vez deb\u00eda dedicarme a otras \u00e1reas de la industria, o de lo contrario, emigrar.  <strong>Sin embargo, inesperadamente, recibo una propuesta de una empresa que en Italia representa el principal Consorcio Europeo constructor de misiles y tecnolog\u00eda de defensa.<\/strong> La idea de un verdadero trabajo en una empresa tan importante como \u00e9sta, era muy tentadora. Despu\u00e9s de una llamada telef\u00f3nica muy positiva, fui invitado a la entrevista en la casa central con el personal t\u00e9cnico. El ambiente era juvenil y estimulante. La empresa era seria y de elevada profesionalidad. La elaboraci\u00f3n de misiles no reflejaba los principios en los que creo pero dentro de m\u00ed exist\u00eda la esperanza de que me ofrecieran un empleo que no me involucrara en la producci\u00f3n de armas. La entrevista sali\u00f3 bien; despu\u00e9s de una semana, entre los numerosos candidatos, fui llamado para firmar el contrato de trabajo. En el contrato exist\u00eda la cl\u00e1usula de que se trataba de una tarea directamente vinculada a la producci\u00f3n de misiles.  <strong>Me sent\u00ed acorralado.<\/strong> Por un lado era tentador pues se trataba de un trabajo estable, con un contrato por tiempo indeterminado, un sueldo excelente y una posibilidad segura de hacer carrera. Por otro lado estaba mi convicci\u00f3n de ciudadano, pero antes que nada de hombre, comprometido en la construcci\u00f3n de una sociedad no violenta, basada en el respeto de los derechos humanos, en la justicia social, en el justo equilibrio entre las necesidades humanas, el ambiente y la buena utilizaci\u00f3n de los recursos. Siempre cre\u00ed en una sociedad en la cual la ambici\u00f3n de algunos no hiera la dignidad del otro y el \u00e9xito econ\u00f3mico no llevara a olvidar al ser humano. Para complicar esta evaluaci\u00f3n se agregaban mis compa\u00f1eros de estudio que me empujaban a aceptar sin frenarme en estos moralismos. Ellos sosten\u00edan la innegable teor\u00eda de que un joven de 25 a\u00f1os reci\u00e9n graduado no puede permitirse en estos tiempos, rechazar un trabajo tan ventajoso. Y con miles de argumentos trataban de ponerme frente a la realidad record\u00e1ndome que yo era una persona privilegiada pero tambi\u00e9n&#8230; \u00a1inconsciente! Por \u00faltimo, con este trabajo habr\u00eda podido liberar a mi familia del compromiso de seguir manteni\u00e9ndome.  <strong>Adem\u00e1s de mi conciencia, un papel decisivo lo jugaron las personas que me rodean m\u00e1s cercanamente:<\/strong> mi familia, mi novia y los <a href=\"http:\/\/giovaniperunmondounito.blogspot.it\/\">J\u00f3venes por un mundo unido<\/a> con quienes me he formado. Y que hicieron madurar la idea \u2013 que era cada vez m\u00e1s clara- que <strong>para<\/strong> <strong>construir<\/strong> <strong>una<\/strong> <strong>sociedad<\/strong> <strong>solidaria<\/strong> <strong>y<\/strong> <strong>no<\/strong> <strong>violenta<\/strong> <strong>es<\/strong> <strong>necesario<\/strong><strong> trabajar concretamente, testimoniando y pagando con la propia persona<\/strong>. Era mi momento de poderlo hacer. Respond\u00ed a la empresa que no pod\u00eda aceptar ese trabajo, expresando con transparencia los motivos. Indudablemente no fue una elecci\u00f3n f\u00e1cil, en especial porque no ten\u00eda otro ofrecimiento de trabajo pendiente. Pero no me detuve en esto. Segu\u00ed con mi b\u00fasqueda y despu\u00e9s de algunas semanas, me llegaron otras propuestas de trabajo que me ubicaron donde estoy hoy trabajando, feliz y satisfecho del trabajo que desempe\u00f1o en Tur\u00edn como ingeniero aeron\u00e1utico en el sector civil\u00bb.  Fuente: <a href=\"http:\/\/www.cittanuova.it\/c\/450403\/Silenzio_sulle_armi_per_la_guerra_nello_Yemen.html\">Citt\u00e0 Nuova<\/a>  Lee tambi\u00e9n: <a href=\"https:\/\/www.focolare.org\/es\/news\/2016\/03\/23\/armi-no-grazie\/\">\u201cArmas, no gracias\u201d<\/a><\/p>\n","protected":false},"excerpt":{"rendered":"<p>\u00bfSe puede renunciar a un trabajo bien remunerado porque va contra los principios en los cuales se cree? Federico Di Iorio, joven ingeniero aeroespacial, lo hizo y cuenta su historia en el transcurso del evento \u201cLa fraternidad universal en camino: el desarme posible\u201d, que tuvo lugar en la sede del Parlamento italiano, en memoria de Chiara Lubich.<\/p>\n","protected":false},"author":34,"featured_media":0,"comment_status":"open","ping_status":"open","sticky":false,"template":"","format":"standard","meta":{"give_campaign_id":0,"_seopress_robots_primary_cat":"","_seopress_titles_title":"","_seopress_titles_desc":"","_seopress_robots_index":"","_et_pb_use_builder":"","_et_pb_old_content":"","_et_gb_content_width":"","footnotes":""},"categories":[904,905],"tags":[],"class_list":["post-324948","post","type-post","status-publish","format-standard","hentry","category-focolare-worldwide-2-2","category-senza-categoria-2-2"],"_links":{"self":[{"href":"https:\/\/www.focolare.org\/es\/wp-json\/wp\/v2\/posts\/324948","targetHints":{"allow":["GET"]}}],"collection":[{"href":"https:\/\/www.focolare.org\/es\/wp-json\/wp\/v2\/posts"}],"about":[{"href":"https:\/\/www.focolare.org\/es\/wp-json\/wp\/v2\/types\/post"}],"author":[{"embeddable":true,"href":"https:\/\/www.focolare.org\/es\/wp-json\/wp\/v2\/users\/34"}],"replies":[{"embeddable":true,"href":"https:\/\/www.focolare.org\/es\/wp-json\/wp\/v2\/comments?post=324948"}],"version-history":[{"count":0,"href":"https:\/\/www.focolare.org\/es\/wp-json\/wp\/v2\/posts\/324948\/revisions"}],"wp:attachment":[{"href":"https:\/\/www.focolare.org\/es\/wp-json\/wp\/v2\/media?parent=324948"}],"wp:term":[{"taxonomy":"category","embeddable":true,"href":"https:\/\/www.focolare.org\/es\/wp-json\/wp\/v2\/categories?post=324948"},{"taxonomy":"post_tag","embeddable":true,"href":"https:\/\/www.focolare.org\/es\/wp-json\/wp\/v2\/tags?post=324948"}],"curies":[{"name":"wp","href":"https:\/\/api.w.org\/{rel}","templated":true}]}}