{"id":324992,"date":"2016-04-11T14:25:50","date_gmt":"2016-04-11T12:25:50","guid":{"rendered":"https:\/\/www.focolare.org\/brasil-escuela-internacional-de-psicologia-y-comunion\/"},"modified":"2024-05-16T14:52:41","modified_gmt":"2024-05-16T12:52:41","slug":"brasil-escuela-internacional-de-psicologia-y-comunion","status":"publish","type":"post","link":"https:\/\/www.focolare.org\/es\/brasil-escuela-internacional-de-psicologia-y-comunion\/","title":{"rendered":"Brasil: Escuela Internacional de Psicolog\u00eda y Comuni\u00f3n"},"content":{"rendered":"<p><img loading=\"lazy\" decoding=\"async\" class=\"alignleft wp-image-137235 \" src=\"https:\/\/www.focolare.org\/wp-content\/uploads\/2016\/04\/Psicologia-e1460477932710.jpg\" alt=\"Psicologia\" width=\"188\" height=\"156\" \/><strong>Organiza:<\/strong> Psicolog\u00eda y Comuni\u00f3n  <strong>Tema:<\/strong> \u201cLa contribuci\u00f3n de la psicolog\u00eda al di\u00e1logo\u201d  <strong>Participantes:<\/strong> 50-60 j\u00f3venes psic\u00f3logos procedentes de Brasil, Argentina, Chile y pa\u00edses europeos.  (existe la posibilidad de becas para j\u00f3venes estudiantes)  <strong>Info:<\/strong> \u00a0<a href=\"mailto:info@psy-com.org\">info@psy-com.org<\/a>  <a href=\"http:\/\/www.psy-com.org\">www.psy-com.org<\/a><\/p>\n","protected":false},"excerpt":{"rendered":"<p>\u201cEl encuentro con el otro: la empat\u00eda y el di\u00e1logo\u201d. En Bello Horizonte, en el Estado de Minas Gerais.<\/p>\n","protected":false},"author":34,"featured_media":0,"comment_status":"open","ping_status":"open","sticky":false,"template":"","format":"standard","meta":{"give_campaign_id":0,"_seopress_robots_primary_cat":"","_seopress_titles_title":"","_seopress_titles_desc":"","_seopress_robots_index":"","_et_pb_use_builder":"","_et_pb_old_content":"","_et_gb_content_width":"","footnotes":""},"categories":[46],"tags":[],"class_list":["post-324992","post","type-post","status-publish","format-standard","hentry","category-sin-categorizar"],"_links":{"self":[{"href":"https:\/\/www.focolare.org\/es\/wp-json\/wp\/v2\/posts\/324992","targetHints":{"allow":["GET"]}}],"collection":[{"href":"https:\/\/www.focolare.org\/es\/wp-json\/wp\/v2\/posts"}],"about":[{"href":"https:\/\/www.focolare.org\/es\/wp-json\/wp\/v2\/types\/post"}],"author":[{"embeddable":true,"href":"https:\/\/www.focolare.org\/es\/wp-json\/wp\/v2\/users\/34"}],"replies":[{"embeddable":true,"href":"https:\/\/www.focolare.org\/es\/wp-json\/wp\/v2\/comments?post=324992"}],"version-history":[{"count":0,"href":"https:\/\/www.focolare.org\/es\/wp-json\/wp\/v2\/posts\/324992\/revisions"}],"wp:attachment":[{"href":"https:\/\/www.focolare.org\/es\/wp-json\/wp\/v2\/media?parent=324992"}],"wp:term":[{"taxonomy":"category","embeddable":true,"href":"https:\/\/www.focolare.org\/es\/wp-json\/wp\/v2\/categories?post=324992"},{"taxonomy":"post_tag","embeddable":true,"href":"https:\/\/www.focolare.org\/es\/wp-json\/wp\/v2\/tags?post=324992"}],"curies":[{"name":"wp","href":"https:\/\/api.w.org\/{rel}","templated":true}]}}