{"id":325056,"date":"2016-05-04T03:00:00","date_gmt":"2016-05-04T01:00:00","guid":{"rendered":"https:\/\/www.focolare.org\/en-ecuador-en-el-marco-de-la-interculturalidad\/"},"modified":"2024-05-16T14:52:52","modified_gmt":"2024-05-16T12:52:52","slug":"en-ecuador-en-el-marco-de-la-interculturalidad","status":"publish","type":"post","link":"https:\/\/www.focolare.org\/es\/en-ecuador-en-el-marco-de-la-interculturalidad\/","title":{"rendered":"En Ecuador, en el marco de la interculturalidad"},"content":{"rendered":"<p><strong><a href=\"https:\/\/www.focolare.org\/wp-content\/uploads\/2016\/05\/20160504-a.jpg\"><img loading=\"lazy\" decoding=\"async\" class=\"wp-image-138023 alignright\" src=\"https:\/\/www.focolare.org\/wp-content\/uploads\/2016\/05\/20160504-a.jpg\" alt=\"20160504-a\" width=\"222\" height=\"303\" \/><\/a><\/strong><strong>Cuando se eligi\u00f3 Ecuador como sede central de la\u00a0<a href=\"http:\/\/www.mundounido2016.com\/\">Semana Mundo Unido <strong>2016 <\/strong>(SMU), <\/a><\/strong>nadie imaginaba que el 16 de abril el pa\u00eds suramericano sufrir\u00eda uno de los m\u00e1s graves terremotos de los \u00faltimos a\u00f1os: 660 muertos, 4600 heridos, 22mil personas sin techo. \u00abFueron momentos realmente terribles \u2013 recuerda Herminia, una \u2018joven por un Mundo Unido\u2019 ecuatoriana \u2013. Actualmente, son miles las familias que no tienen casa, <a href=\"https:\/\/www.focolare.org\/es\/news\/2016\/04\/18\/emergenza-ecuador\/\">la solidaridad mundial<\/a> nos ha conmovido y \u00a1no ha dejado que nos sinti\u00e9ramos solos!\u00bb.  <strong>En este contexto de la emergencia humanitaria<\/strong>, las acciones de la Semana Mundo Unido han tomado un nuevo rumbo: \u00abPens\u00e1bamos cancelar el <em>Festival por la Paz<\/em> (previsto para s\u00e1bado 7 de mayo), pero juntos entendimos que es necesario seguir adelante, ser fuentes de luz, respuesta a quienes viven sumidos en el dolor. Muchos se sienten frustrados por no poder hacer nada; les damos la posibilidad de ayudar\u00bb, escriben los j\u00f3venes de los Focolares, quienes decidieron redoblar la apuesta: \u00abHab\u00edamos elegido evidenciar la fraternidad, y es precisamente lo que nuestro pueblo est\u00e1 testimoniando. Quisi\u00e9ramos hacer de manera que \u00e9ste sea el estilo de vida no s\u00f3lo en las emergencias, sino siempre\u00bb. El Festival por la Paz del 7 de mayo en Quito tiene como t\u00edtulo<em> \u201cLa solidaridad es un camino hacia la paz\u201d<\/em>. Habr\u00e1 espacio para compartir experiencias, expresiones art\u00edsticas, y tambi\u00e9n una recolecci\u00f3n de fondos para la reconstrucci\u00f3n. \u00abQueremos transmitir a nuestra gente un mensaje: hay una vida sola y tenemos que gastarla bien\u00bb.<a href=\"http:\/\/fb.com\/JMUEcuador\"> En la p\u00e1gina Facebook de los J\u00f3venes por un Mundo Unido de Ecuador<\/a> es posible publicar un video saludo que testimonie la fraternidad y sea motivo de esperanza.  <strong>El evento ya se est\u00e1 desarrollando, con la presencia de unos 300 j\u00f3venes procedentes de Suram\u00e9rica<\/strong> y 60 de otras naciones: de Italia a Corea, de Burundi a Filipinas. La experiencia que est\u00e1n haciendo no es la de una gira tur\u00edstica,, sino la de un viaje en la \u201crelaci\u00f3n\u201d consigo mismos, con los dem\u00e1s, con la naturaleza, con lo trascendente. Una ocasi\u00f3n para conocer desde adentro las numerosas culturas que conforman hoy el Ecuador.  <strong>Una zambullida en la historia precolombina de Quito y de las comunidades andinas<\/strong>, prepar\u00f3 a los j\u00f3venes presentes para empezar la escuela itinerante, con la ayuda del pueblo Kitukara (hijos del sol recto), una de las comunidades ind\u00edgenas m\u00e1s antiguas de Ecuador, reconocida oficialmente en 2003, conformado actualmente por 9.000 familias. \u00abEl coraz\u00f3n pulsante de nuestra tradici\u00f3n es el <strong>respeto a la Madre Tierra<\/strong>\u00bb, explica Sami, tambi\u00e9n es fuerte el sentido de comunidad: \u00abCuando llega alguien, lo recibimos como si fuera parte de nuestra familia desde siempre. Porque <strong>acogiendo a los dem\u00e1s, nos acogemos a nosotros mismos<\/strong>\u00bb.  Del 1\u00b0 al 6 de mayo han recorrido 1200 kil\u00f3metros, en dos rutas del viaje. En cada etapa se descubre una riqueza, una caracter\u00edstica, un talento especial.  <strong>De la <em>Sierra <\/em>a la <em>Costa:<\/em><\/strong> en Esmeraldas, con la comunidad ancestral de los Chachis, el origen de la m\u00fasica y de la danza del pueblo Afroesmeralde\u00f1o; en Otavalo, con las comunidades de Agato y Gualapuro, conocer\u00e1n <em>el arte del dar<\/em> seg\u00fan su antigua filosof\u00eda de vida.  <img loading=\"lazy\" decoding=\"async\" class=\"wp-image-138024 alignleft\" src=\"https:\/\/www.focolare.org\/wp-content\/uploads\/2016\/05\/20160504-03.jpg\" alt=\"20160504-03\" width=\"359\" height=\"148\" \/><strong>De la <em>Sierra <\/em>al <em>Oriente, <\/em>hasta llegar a la <em>Amazon\u00eda.<\/em> En Puyo, primera etapa de esta ruta, la comunidad ind\u00edgena de los Shiwacocha,<\/strong> esper\u00f3 a los j\u00f3venes por varias horas, recibi\u00e9ndolos con danzas, cantos, y&#8230; dando a cada uno un nombre <em>Kichwa<\/em>. Ha sido un momento de encuentro entre culturas. A partir de ese momento la comunidad celebra cada vez que se pronuncia solemnemente el nuevo nombre. Se aprende el gran <strong>sentido de responsabilidad ante lo creado<\/strong>, la atenci\u00f3n a los espacios para escuchar al otro. La ruta proseguir\u00e1 con la etapa en Tungurahua, donde l\u00edderes juveniles de Kisapincha mostrar\u00e1n el valor del trabajo en equipo de las \u201cMINGAS\u201d y ense\u00f1ar\u00e1n a comunicar con la naturaleza, y luego Bol\u00edvar, donde en Salinas de Guardanda, los j\u00f3venes ser\u00e1n testigos del fruto del trabajo y de la cooperaci\u00f3n entre varios grupos con miras a un modelo econ\u00f3mico de desarrollo m\u00e1s respetuoso de la naturaleza y de los productores.  <strong>Seis d\u00edas de un verdadero intercambio de dones entre culturas.<\/strong> La experiencia vivida se compartir\u00e1 en el Festival por la Paz, el 7 de mayo, como testimonio de la riqueza de la vida en armon\u00eda entre las distintas culturas.  &nbsp;<\/p>\n","protected":false},"excerpt":{"rendered":"<p>Se est\u00e1 desarrollando la veinteava Semana Mundo Unido  que ahonda en el tema de la interculturalidad. En el pa\u00eds, asolado recientemente por un grave terremoto, se da espacio al conocimiento de las culturas ind\u00edgenas que ponen de relieve valores olvidados. Por una nueva armon\u00eda entre los pueblos.<\/p>\n","protected":false},"author":34,"featured_media":0,"comment_status":"open","ping_status":"open","sticky":false,"template":"","format":"standard","meta":{"give_campaign_id":0,"_seopress_robots_primary_cat":"","_seopress_titles_title":"","_seopress_titles_desc":"","_seopress_robots_index":"","_et_pb_use_builder":"","_et_pb_old_content":"","_et_gb_content_width":"","footnotes":""},"categories":[904],"tags":[],"class_list":["post-325056","post","type-post","status-publish","format-standard","hentry","category-focolare-worldwide-2-2"],"_links":{"self":[{"href":"https:\/\/www.focolare.org\/es\/wp-json\/wp\/v2\/posts\/325056","targetHints":{"allow":["GET"]}}],"collection":[{"href":"https:\/\/www.focolare.org\/es\/wp-json\/wp\/v2\/posts"}],"about":[{"href":"https:\/\/www.focolare.org\/es\/wp-json\/wp\/v2\/types\/post"}],"author":[{"embeddable":true,"href":"https:\/\/www.focolare.org\/es\/wp-json\/wp\/v2\/users\/34"}],"replies":[{"embeddable":true,"href":"https:\/\/www.focolare.org\/es\/wp-json\/wp\/v2\/comments?post=325056"}],"version-history":[{"count":0,"href":"https:\/\/www.focolare.org\/es\/wp-json\/wp\/v2\/posts\/325056\/revisions"}],"wp:attachment":[{"href":"https:\/\/www.focolare.org\/es\/wp-json\/wp\/v2\/media?parent=325056"}],"wp:term":[{"taxonomy":"category","embeddable":true,"href":"https:\/\/www.focolare.org\/es\/wp-json\/wp\/v2\/categories?post=325056"},{"taxonomy":"post_tag","embeddable":true,"href":"https:\/\/www.focolare.org\/es\/wp-json\/wp\/v2\/tags?post=325056"}],"curies":[{"name":"wp","href":"https:\/\/api.w.org\/{rel}","templated":true}]}}