{"id":325062,"date":"2016-05-07T03:00:36","date_gmt":"2016-05-07T01:00:36","guid":{"rendered":"https:\/\/www.focolare.org\/primero-de-mayo-en-loppiano-menos-muros-y-mas-sinergias\/"},"modified":"2024-05-16T14:52:54","modified_gmt":"2024-05-16T12:52:54","slug":"primero-de-mayo-en-loppiano-menos-muros-y-mas-sinergias","status":"publish","type":"post","link":"https:\/\/www.focolare.org\/es\/primero-de-mayo-en-loppiano-menos-muros-y-mas-sinergias\/","title":{"rendered":"Primero de mayo en Loppiano: menos muros y m\u00e1s sinergias"},"content":{"rendered":"<p><img loading=\"lazy\" decoding=\"async\" class=\" wp-image-138011 alignleft\" src=\"https:\/\/www.focolare.org\/wp-content\/uploads\/2016\/05\/20160503-01.jpg\" alt=\"20160503-01\" width=\"319\" height=\"324\" \/><strong>\u00ab\u00bfD\u00f3nde estaba yo?\u00bb,<\/strong> cantaba el <a href=\"http:\/\/www.genverde.it\/\">Gen Verde <\/a>en el escenario del <a href=\"https:\/\/www.focolare.org\/es\/news\/2016\/05\/01\/primo-maggio-a-loppiano\/\">Primero de mayo en Loppiano,<\/a> (Florencia), en una canci\u00f3n inspirada en la tragedia de los migrantes. Una pregunta que reson\u00f3 de manera poderosa entre los 1.200 participantes de la jornada de fiesta, ciertamente, pero tambi\u00e9n de compromiso con la humanidad que sufre. Est\u00e1 <a href=\"https:\/\/www.focolare.org\/es\/news\/2016\/04\/16\/francais-perche-siamo-rimasti-in-siria\/\">Alepo<\/a>, con el incremento de bombas y de muerte que la asola desde hace 10 d\u00edas; est\u00e1n las <a href=\"https:\/\/www.focolare.org\/es\/news\/2016\/04\/18\/emergenza-ecuador\/\">poblaciones ecuatorianas que sufrieron el terremoto<\/a> y que piden vida y regreso a la normalidad, pero est\u00e1 tambi\u00e9n el conjunto variopinto de asociaciones e iniciativas que en Italia operan en el \u00e1mbito de la integraci\u00f3n.  \u00abLa finalidad de esta jornada \u2013 explican los <a href=\"http:\/\/giovaniperunmondounito.blogspot.com\/\">J\u00f3venes por un Mundo Unido<\/a> \u2013 es la de evidenciar la corriente, el \u201cflow\u201d (flujo) de iniciativas que realizamos en toda Italia en el marco de la acogida, la legalidad, la pol\u00edtica vivida como servicio, el cuidado del ambiente, en una palabra de la fraternidad\u00bb.  <strong>\u00abY nosotros \u00bfqu\u00e9 estamos haciendo para detener la guerra?\u00bb,<\/strong> se preguntaron los chicos que llegaron a Loppiano de toda italia. Tarek y Lubna son de Alepo y Am\u00e1n respectivamente. En Alepo la situaci\u00f3n es grav\u00edsima. \u00abDesde que reiniciaron los bombardeos, son numerosos los gestos de solidaridad entre la gente \u2013 cuenta Tarek \u2013 . Esto revela las cualidades de mi pueblo, que no se rinde, pero que est\u00e1 herido en su dignidad. Decimos: no m\u00e1s guerra y pedimos con fe el don de la paz\u00bb. \u00abEn Jordania hemos recibido a 3 millones de refugiados, la mitad \u00a0de ellos, sirios \u2013 explica Lubna. Cuando llegan tienen los ojos apagados, la esperanza est\u00e1 muerta. Tratamos de compartir la experiencia del miedo que han vivido, d\u00e1ndoles amor y el sentido de familia\u00bb.  Despu\u00e9s <strong>Wa\u2019el Suleiman, director de Caritas jordana<\/strong>, diriji\u00f3 un sentido video-mensaje hace un sentido llamado: \u00abTrabajen con nosotros para detener la guerra, vengan a Oriente Medio y ay\u00fadennos a reconstruir nuestros pa\u00edses, para que la gente ya no tenga que huir, que emigrar. Nosotros queremos vivir en nuestras tierras\u00bb.  <strong>Nahomy y Mar\u00eda<\/strong> son ambas de origen ecuatoriano. Cuentan la extraordinaria fuerza de su pueblo: \u00abEl sufrimiento de quienes no ten\u00edan nada m\u00e1s, se volvi\u00f3 el de todos. Los presos, en la c\u00e1rcel, se pusieron a construir ata\u00fades de madera, personas de distintas formaciones pol\u00edticas trabajaron en equipo, los cocineros se volvieron unos h\u00e9roes preparando comida caliente para todos, los pobres compartieron lo poco que ten\u00edan\u00bb.  <img loading=\"lazy\" decoding=\"async\" class=\" wp-image-138012 alignright\" src=\"https:\/\/www.focolare.org\/wp-content\/uploads\/2016\/05\/20160503-02.jpg\" alt=\"20160503-02\" width=\"360\" height=\"240\" \/>Una atm\u00f3sfera de fiesta y mucha m\u00fasica enmarcaron estas historias de j\u00f3venes que decidieron comprometerse en forma activa en la construcci\u00f3n de un mundo que quieren que sea distinto. \u00abEstoy cansado de los conflictos y las contraposiciones tanto en pol\u00edtica como en la vida de todos los d\u00edas \u2013 escribe un muchacho en el gran muro sobre la cual quien quiere puede \u201cdejar\u201d esa parte de s\u00ed que obstaculiza el fluir de la corriente de fraternidad \u2013 las \u00fanicas cosas que me interesan y por las que quiero vivir son las que nos unen, no las que nos dividen\u00bb.  <strong>Cristina Guarda tiene veinticinco a\u00f1os y es consejera regional en V\u00e9neto.<\/strong> Cuenta las motivaciones que la impulsaron a pasar a la acci\u00f3n: \u00abSiempre estuve convencida de que la pol\u00edtica es la que nosotros construimos cuando nos ponemos al servicio de nuestro pr\u00f3jimo. Sent\u00eda que hab\u00eda llegado el momento de lanzarme al ruedo\u00bb.  Una frase de <a href=\"https:\/\/www.focolare.org\/chiara-lubich\/\">Chiara Lubich<\/a> introduce la mesa redonda que cierra la ma\u00f1ana: \u00abSi quieren transformar una ciudad, empiecen uni\u00e9ndose con quienes comparten su mismo ideal. Juntos busquen a los m\u00e1s pobres, a los abandonados, a los hu\u00e9rfanos, los presos, los que est\u00e1n marginados, y den, den siempre: una palabra, una sonrisa, su tiempo, sus bienes\u2026.\u00bb. Parte as\u00ed una r\u00e1faga de ideas-proyectos de los J\u00f3venes por un Mundo Unido de Italia. En Tur\u00edn en un peque\u00f1o albergue; en Florencia con un grupo de \u2018personas diversamente libres\u2019 que est\u00e1n presas en la c\u00e1rcel Gozzini; en Siracusa el Summer Campus que se realizar\u00e1 en el pr\u00f3ximo verano y que prev\u00e9 actividades de apoyo y recreaci\u00f3n para ni\u00f1os y j\u00f3venes con dificultades; en N\u00e1poles y Caserta el proyecto \u201cTalleres de Fraternidad\u201d que ha involucrado a cientos de j\u00f3venes de las periferias abandonadas.  El programa de la tarde sigue con la Expo de <a href=\"http:\/\/unitedworldproject.org\/\">United World Project<\/a> sobre desarme, medio ambiente, econom\u00eda de comuni\u00f3n, arte, cultura con el Instituto Universitario Sophia; <em>Slotmob, contra <\/em>el juego de azar; di\u00e1logo intercultural e interreligioso, etc.  <strong>La jornada\u00a0 se concluye con la \u201c<em>FlowRun<\/em>\u201d<\/strong>, una carrera por etapas que culmina con una explosi\u00f3n de fiesta, m\u00fasica y colores, casi para demostrar que el entusiasmo y la alegr\u00eda son imprescindibles para todo el que quiera contagiar a los dem\u00e1s en la aventura de un mundo \u201cpor\u201d y no \u201ccontra\u201d.  Fuente: <a href=\"http:\/\/www.loppiano.it\/\">Servicio Informaciones Focolares Loppiano<\/a>  <strong>Fotos en Flickr:<\/strong> <a title=\"2016 05 01 FLOWRUN\" href=\"https:\/\/www.flickr.com\/photos\/sif_loppiano\/albums\/72157667827224535\"><img loading=\"lazy\" decoding=\"async\" class=\"\" src=\"https:\/\/farm2.staticflickr.com\/1575\/26147641404_be482db87a_z.jpg\" alt=\"2016 05 01 FLOWRUN\" width=\"215\" height=\"143\" \/><\/a><\/p>\n","protected":false},"excerpt":{"rendered":"<p>El 1\u00b0 de mayo en el contexto de la Semana Mundo Unido 2016, 1.200 j\u00f3venes en Loppiano (Florencia). El compromiso para detener la guerra, por las poblaciones de Ecuador, por la propia ciudad y por Italia.<\/p>\n","protected":false},"author":34,"featured_media":0,"comment_status":"open","ping_status":"open","sticky":false,"template":"","format":"standard","meta":{"give_campaign_id":0,"_seopress_robots_primary_cat":"","_seopress_titles_title":"","_seopress_titles_desc":"","_seopress_robots_index":"","_et_pb_use_builder":"","_et_pb_old_content":"","_et_gb_content_width":"","footnotes":""},"categories":[46],"tags":[],"class_list":["post-325062","post","type-post","status-publish","format-standard","hentry","category-sin-categorizar"],"_links":{"self":[{"href":"https:\/\/www.focolare.org\/es\/wp-json\/wp\/v2\/posts\/325062","targetHints":{"allow":["GET"]}}],"collection":[{"href":"https:\/\/www.focolare.org\/es\/wp-json\/wp\/v2\/posts"}],"about":[{"href":"https:\/\/www.focolare.org\/es\/wp-json\/wp\/v2\/types\/post"}],"author":[{"embeddable":true,"href":"https:\/\/www.focolare.org\/es\/wp-json\/wp\/v2\/users\/34"}],"replies":[{"embeddable":true,"href":"https:\/\/www.focolare.org\/es\/wp-json\/wp\/v2\/comments?post=325062"}],"version-history":[{"count":0,"href":"https:\/\/www.focolare.org\/es\/wp-json\/wp\/v2\/posts\/325062\/revisions"}],"wp:attachment":[{"href":"https:\/\/www.focolare.org\/es\/wp-json\/wp\/v2\/media?parent=325062"}],"wp:term":[{"taxonomy":"category","embeddable":true,"href":"https:\/\/www.focolare.org\/es\/wp-json\/wp\/v2\/categories?post=325062"},{"taxonomy":"post_tag","embeddable":true,"href":"https:\/\/www.focolare.org\/es\/wp-json\/wp\/v2\/tags?post=325062"}],"curies":[{"name":"wp","href":"https:\/\/api.w.org\/{rel}","templated":true}]}}