{"id":325082,"date":"2016-05-11T07:37:46","date_gmt":"2016-05-11T05:37:46","guid":{"rendered":"https:\/\/www.focolare.org\/semana-de-oracion-por-la-unidad-de-los-cristianos-en-el-hemisferio-sur\/"},"modified":"2024-05-16T14:52:57","modified_gmt":"2024-05-16T12:52:57","slug":"semana-de-oracion-por-la-unidad-de-los-cristianos-en-el-hemisferio-sur","status":"publish","type":"post","link":"https:\/\/www.focolare.org\/es\/semana-de-oracion-por-la-unidad-de-los-cristianos-en-el-hemisferio-sur\/","title":{"rendered":"Semana de oraci\u00f3n por la unidad de los cristianos en el hemisferio sur"},"content":{"rendered":"<p><a href=\"https:\/\/www.focolare.org\/wp-content\/uploads\/2016\/05\/2015-Posadas-preghiera.jpg\"><img loading=\"lazy\" decoding=\"async\" class=\"alignleft wp-image-138305\" src=\"https:\/\/www.focolare.org\/wp-content\/uploads\/2016\/05\/2015-Posadas-preghiera.jpg\" alt=\"2015-Posadas-preghiera\" width=\"360\" height=\"269\" \/><\/a>En este per\u00edodo en todo el hemisferio sur pero tambi\u00e9n en algunas iglesias evang\u00e9licas del norte, por la cercan\u00eda a la fiesta de Pentecost\u00e9s, el Consejo ecum\u00e9nico de las Iglesias, junto a la Iglesia Cat\u00f3lica invitan a celebrar la <a href=\"http:\/\/www.vatican.va\/roman_curia\/pontifical_councils\/chrstuni\/weeks-prayer-doc\/rc_pc_chrstuni_doc_20150526_week-pray\" target=\"_blank\" rel=\"noopener\">Semana de oraci\u00f3n por la unidad de los cristianos,<\/a> sobre el tema \u201cLlamados a anunciar a todos las obras maravillosas de Dios\u201d.  El Movimiento de los Focolares, junto a otros, en varias partes del mundo, trabaja activamente en la preparaci\u00f3n de momentos de encuentro y reflexi\u00f3n entre los fieles, con representantes de varias iglesias, y de acciones comunes entre las iglesias locales para ayudar a los menos favorecidos. Por ejemplo, en Rosario (Argentina), donde el a\u00f1o pasado se recogi\u00f3 una suma consistente para un lugar de acogida nocturna para personas sin casa. O en Chile, donde se reunieron juntas todas las autoridades eclesiales: el cardenal de Santiago, el arzobispo de la Iglesia siro-ortodoxa, la obispa luterana y numerosos pastores y dirigentes de Movimientos y comunidades cristianas.  La semana de oraci\u00f3n es tambi\u00e9n un punto de partida para otras actividades durante el a\u00f1o.  <a href=\"https:\/\/www.focolare.org\/wp-content\/uploads\/2016\/05\/souc_nova.jpg\"><img loading=\"lazy\" decoding=\"async\" class=\"wp-image-138336 alignleft\" src=\"https:\/\/www.focolare.org\/wp-content\/uploads\/2016\/05\/souc_nova-199x200.jpg\" alt=\"souc_nova\" width=\"145\" height=\"146\" \/><\/a><\/p>\n","protected":false},"excerpt":{"rendered":"<p>Un plus para el di\u00e1logo ecum\u00e9nico<\/p>\n","protected":false},"author":34,"featured_media":0,"comment_status":"open","ping_status":"open","sticky":false,"template":"","format":"standard","meta":{"give_campaign_id":0,"_seopress_robots_primary_cat":"","_seopress_titles_title":"","_seopress_titles_desc":"","_seopress_robots_index":"","_et_pb_use_builder":"","_et_pb_old_content":"","_et_gb_content_width":"","footnotes":""},"categories":[904],"tags":[],"class_list":["post-325082","post","type-post","status-publish","format-standard","hentry","category-focolare-worldwide-2-2"],"_links":{"self":[{"href":"https:\/\/www.focolare.org\/es\/wp-json\/wp\/v2\/posts\/325082","targetHints":{"allow":["GET"]}}],"collection":[{"href":"https:\/\/www.focolare.org\/es\/wp-json\/wp\/v2\/posts"}],"about":[{"href":"https:\/\/www.focolare.org\/es\/wp-json\/wp\/v2\/types\/post"}],"author":[{"embeddable":true,"href":"https:\/\/www.focolare.org\/es\/wp-json\/wp\/v2\/users\/34"}],"replies":[{"embeddable":true,"href":"https:\/\/www.focolare.org\/es\/wp-json\/wp\/v2\/comments?post=325082"}],"version-history":[{"count":0,"href":"https:\/\/www.focolare.org\/es\/wp-json\/wp\/v2\/posts\/325082\/revisions"}],"wp:attachment":[{"href":"https:\/\/www.focolare.org\/es\/wp-json\/wp\/v2\/media?parent=325082"}],"wp:term":[{"taxonomy":"category","embeddable":true,"href":"https:\/\/www.focolare.org\/es\/wp-json\/wp\/v2\/categories?post=325082"},{"taxonomy":"post_tag","embeddable":true,"href":"https:\/\/www.focolare.org\/es\/wp-json\/wp\/v2\/tags?post=325082"}],"curies":[{"name":"wp","href":"https:\/\/api.w.org\/{rel}","templated":true}]}}