{"id":325088,"date":"2016-05-13T08:34:03","date_gmt":"2016-05-13T06:34:03","guid":{"rendered":"https:\/\/www.focolare.org\/maria-voce-valorizar-a-las-mujeres-quiere-decir-valorizar-la-comunion\/"},"modified":"2024-05-16T14:52:58","modified_gmt":"2024-05-16T12:52:58","slug":"maria-voce-valorizar-a-las-mujeres-quiere-decir-valorizar-la-comunion","status":"publish","type":"post","link":"https:\/\/www.focolare.org\/es\/maria-voce-valorizar-a-las-mujeres-quiere-decir-valorizar-la-comunion\/","title":{"rendered":"Maria Voce: valorizar a las mujeres quiere decir valorizar la comuni\u00f3n"},"content":{"rendered":"<p><div id=\"attachment_138392\" style=\"width: 310px\" class=\"wp-caption alignleft\"><a href=\"https:\/\/www.focolare.org\/news\/2016\/05\/13\/maria-voce-valorizzare-le-donne-vuol-dire-valorizzare-la-comunione\/csc_6308\/\" rel=\"attachment wp-att-138392\"><img loading=\"lazy\" decoding=\"async\" aria-describedby=\"caption-attachment-138392\" class=\"wp-image-138392\" src=\"https:\/\/www.focolare.org\/wp-content\/uploads\/2016\/05\/CSC_6308.jpg\" alt=\"(C) CSC Media\" width=\"300\" height=\"413\" \/><\/a><p id=\"caption-attachment-138392\" class=\"wp-caption-text\">(C) Centro Santa Chiara Audiovisivi<\/p><\/div>  <strong>\u00bfQu\u00e9 sentimientos han suscitado en usted las palabras del Papa sobre la posibilidad de reactivar la antigua tradici\u00f3n de las mujeres diaconisas?<\/strong>  \u00abCualquier actitud de apertura de este Papa para involucrar mayormente a las mujeres en la vida de la Iglesia, tambi\u00e9n en sus funciones \u201cdirectivas\u201d, me parece una bendici\u00f3n. Esto no quiere decir que yo sea a priori m\u00e1s o menos favorable al diaconado para las mujeres; pero\u00a0 ciertamente soy favorable a un profundo estudio sobre la cuesti\u00f3n, para tratar de comprender mejor cu\u00e1les puedan ser el rol y la funci\u00f3n de los di\u00e1conos en general, y si en dicho ministerio pueden tener tambi\u00e9n un lugar las mujeres. En este momento considero que la funci\u00f3n del di\u00e1cono, as\u00ed como se vive pr\u00e1cticamente, parece estar m\u00e1s al servicio del sacerdote que de la comunidad. Si en cambio ese ministerio se viviera y se reconociera m\u00e1s expl\u00edcitamente como servicio a la comunidad, teniendo tambi\u00e9n la posibilidad de proclamar el Evangelio, administrar los sacramentos que no est\u00e1n reservados al presb\u00edtero o al obispo, o con la posibilidad de administrar una comunidad parroquial, creo que todo ello ser\u00eda, de por s\u00ed, un importante signo de mayor apertura. No veo por qu\u00e9 una mujer, a priori, tendr\u00eda que estar excluida de estas funciones\u00bb.  <strong>\u00bfEl horizonte de una Iglesia-comuni\u00f3n puede ayudar al discernimiento de la cuesti\u00f3n?<\/strong>  \u00abCreo que s\u00ed. Soy muy partidaria del estudio del diaconado por parte de una comisi\u00f3n\u00a0\u2018ad hoc\u2019\u00a0porque creo que, precisamente porque las decisiones relativas ser\u00edan importantes, instituir un grupo de trabajo va en la direcci\u00f3n de aquel camino sinodal que el Papa ha emprendido para todas las cuestiones m\u00e1s importantes de la Iglesia. Esto quiere decir,\u00a0 no s\u00f3lo y no tanto fiarse de aquello que al Papa pueda parecerle bien, sino fiarse, sobre todo, de aquella experiencia de Esp\u00edritu Santo que se experimenta al afrontar un problema juntos, en comuni\u00f3n\u00bb.  <strong>En realidad las mujeres ya hacen mucho en las comunidades cristianas\u2026<\/strong>  \u00abDesde siempre innumerables mujeres sostienen comunidades eclesiales con distintas funciones: distribuir la Eucarist\u00eda donde los sacerdotes no pueden llegar, comentar el Evangelio, presidir \u201cLiturgias en ausencia del sacerdote\u201d o seguir la administraci\u00f3n de parroquias e incluso de di\u00f3cesis, sin necesidad de tener para esto un t\u00edtulo especial\u2026 Si todo lo que ya hacen muchas mujeres\u00a0 en las Iglesias locales se reconociera oficialmente, pienso que eso ser\u00eda una apertura e indicar\u00eda una conducci\u00f3n m\u00e1s comunitaria de la Iglesia. Adem\u00e1s de ser favorable al estudio sobre el diaconado, estoy agradecida a un Papa que cada vez m\u00e1s, y fuertemente, quiere inserir a las mujeres en ese camino de reforma de la Iglesia Cat\u00f3lica que \u00e9l est\u00e1 llevando adelante, reconociendo en las mujeres su especificidad y permitiendo que, precisamente en esta especificidad, puedan servir verdaderamente a la Iglesia y a la Humanidad\u00bb.  Fonte: <a href=\"http:\/\/cittanuova.it\/c\/454461\/Maria_Voce_valorizzare_le_donne_vuol_dire_valorizzare_la_comunione.html\" target=\"_blank\" rel=\"noopener\">Citt\u00e0 Nuova online<\/a><\/p>\n","protected":false},"excerpt":{"rendered":"<p>El Papa Francisco \u201cabre\u201d, con las superioras mayores, el ministerio del servicio femenino en la Iglesia. La opini\u00f3n de la presidente del Movimiento de los Focolares favorable a un profundo estudio del diaconado para las mujeres.<\/p>\n","protected":false},"author":34,"featured_media":0,"comment_status":"open","ping_status":"open","sticky":false,"template":"","format":"standard","meta":{"give_campaign_id":0,"_seopress_robots_primary_cat":"","_seopress_titles_title":"","_seopress_titles_desc":"","_seopress_robots_index":"","_et_pb_use_builder":"","_et_pb_old_content":"","_et_gb_content_width":"","footnotes":""},"categories":[46],"tags":[],"class_list":["post-325088","post","type-post","status-publish","format-standard","hentry","category-sin-categorizar"],"_links":{"self":[{"href":"https:\/\/www.focolare.org\/es\/wp-json\/wp\/v2\/posts\/325088","targetHints":{"allow":["GET"]}}],"collection":[{"href":"https:\/\/www.focolare.org\/es\/wp-json\/wp\/v2\/posts"}],"about":[{"href":"https:\/\/www.focolare.org\/es\/wp-json\/wp\/v2\/types\/post"}],"author":[{"embeddable":true,"href":"https:\/\/www.focolare.org\/es\/wp-json\/wp\/v2\/users\/34"}],"replies":[{"embeddable":true,"href":"https:\/\/www.focolare.org\/es\/wp-json\/wp\/v2\/comments?post=325088"}],"version-history":[{"count":0,"href":"https:\/\/www.focolare.org\/es\/wp-json\/wp\/v2\/posts\/325088\/revisions"}],"wp:attachment":[{"href":"https:\/\/www.focolare.org\/es\/wp-json\/wp\/v2\/media?parent=325088"}],"wp:term":[{"taxonomy":"category","embeddable":true,"href":"https:\/\/www.focolare.org\/es\/wp-json\/wp\/v2\/categories?post=325088"},{"taxonomy":"post_tag","embeddable":true,"href":"https:\/\/www.focolare.org\/es\/wp-json\/wp\/v2\/tags?post=325088"}],"curies":[{"name":"wp","href":"https:\/\/api.w.org\/{rel}","templated":true}]}}