{"id":325104,"date":"2016-05-20T14:07:39","date_gmt":"2016-05-20T12:07:39","guid":{"rendered":"https:\/\/www.focolare.org\/jmj-polonia-xxxi-jornada-mundial-de-la-juventud\/"},"modified":"2024-05-16T14:53:02","modified_gmt":"2024-05-16T12:53:02","slug":"jmj-polonia-xxxi-jornada-mundial-de-la-juventud","status":"publish","type":"post","link":"https:\/\/www.focolare.org\/es\/jmj-polonia-xxxi-jornada-mundial-de-la-juventud\/","title":{"rendered":"JMJ Polonia &#8211; XXXI Jornada Mundial de la Juventud"},"content":{"rendered":"<p><strong><a href=\"http:\/\/www.krakow2016.com\/it\/\"><img loading=\"lazy\" decoding=\"async\" class=\"alignleft wp-image-138907 size-full\" src=\"https:\/\/www.focolare.org\/wp-content\/uploads\/2016\/05\/logo_en.png\" alt=\"logo_en\" width=\"184\" height=\"130\" \/><\/a>\u201cLean las Bienaventuranzas, les har\u00e1 bien\u201d, hab\u00eda dicho el Papa Francisco a los j\u00f3venes reunidos en R\u00edo de Janeiro en el 2013, <\/strong>y es precisamente siguiendo el camino de las <em>bienaventuranzas <\/em>como los participantes en el JMJ se est\u00e1n preparando para la cita, en el marco del Jubileo de la Misericordia, en una tierra que \u2013por Sor Faustina y por Juan Pablo II- est\u00e1 muy vinculada al culto a la <em>Divina Misericordia.<\/em>  <strong>Entre los eventos principales est\u00e1 la Misa de Inauguraci\u00f3n <\/strong>(26.07), la Ceremonia de Acogida con el primer encuentro con el Santo Padre (28.07), el V\u00eda Crucis con la Cruz de la JMJ (29.07), para as\u00ed llegar al centro de la JMJ: la Vigilia con el Santo Padre (30.07) y la Misa Final (31.07). Pero el <a href=\"http:\/\/www.krakow2016.com\/it\/program-it\" target=\"_blank\" rel=\"noopener\">programa <\/a>ha sido enriquecido tambi\u00e9n con las catequesis en distintos idiomas, y el <strong>Festival de la Juventud, <\/strong>en donde, durante cuatro noches, se conjuga la dimensi\u00f3n espiritual con la art\u00edstico-cultural.  Tambi\u00e9n los j\u00f3venes del Movimiento de los Focolares est\u00e1n dando su aporte en la preparaci\u00f3n de la JMJ, especialmente en el evento injertado en el marco del <strong>Festival <\/strong>que tendr\u00e1 lugar el 27 de julio de 2015 en Cracovia,\u00a0en el Club deportivo\u00a0Plaszowianka,\u00a0ul. Stroza-Rybna 19,\u00a0(tranv\u00eda 50, 20, 11).  Para quien desea despu\u00e9s profundizar la experiencia de la JMJ a la luz de la espiritualidad de los Focolares, se prosigue con una <a href=\"https:\/\/www.focolare.org\/es\/news\/2016\/05\/20\/slovacchia-scuola-internazionale-post-gmg\/\">Escuela post JMJ<\/a><strong>\u00a0<\/strong>en Eslovaquia (Jasn\u00e1 &#8211; Dem\u00e4novsk\u00e1 Dolina) con 550 j\u00f3venes de varias partes del mundo, entre los cuales estar\u00e1 tambi\u00e9n un grupo de 50 ortodoxos.  <strong>\u00a0<\/strong>  &nbsp;<\/p>\n","protected":false},"excerpt":{"rendered":"<p>\u00abBienaventurados los misericordioso porque encontrar\u00e1n misericordia\u00bb.<\/p>\n","protected":false},"author":34,"featured_media":0,"comment_status":"open","ping_status":"open","sticky":false,"template":"","format":"standard","meta":{"give_campaign_id":0,"_seopress_robots_primary_cat":"","_seopress_titles_title":"","_seopress_titles_desc":"","_seopress_robots_index":"","_et_pb_use_builder":"","_et_pb_old_content":"","_et_gb_content_width":"","footnotes":""},"categories":[46],"tags":[],"class_list":["post-325104","post","type-post","status-publish","format-standard","hentry","category-sin-categorizar"],"_links":{"self":[{"href":"https:\/\/www.focolare.org\/es\/wp-json\/wp\/v2\/posts\/325104","targetHints":{"allow":["GET"]}}],"collection":[{"href":"https:\/\/www.focolare.org\/es\/wp-json\/wp\/v2\/posts"}],"about":[{"href":"https:\/\/www.focolare.org\/es\/wp-json\/wp\/v2\/types\/post"}],"author":[{"embeddable":true,"href":"https:\/\/www.focolare.org\/es\/wp-json\/wp\/v2\/users\/34"}],"replies":[{"embeddable":true,"href":"https:\/\/www.focolare.org\/es\/wp-json\/wp\/v2\/comments?post=325104"}],"version-history":[{"count":0,"href":"https:\/\/www.focolare.org\/es\/wp-json\/wp\/v2\/posts\/325104\/revisions"}],"wp:attachment":[{"href":"https:\/\/www.focolare.org\/es\/wp-json\/wp\/v2\/media?parent=325104"}],"wp:term":[{"taxonomy":"category","embeddable":true,"href":"https:\/\/www.focolare.org\/es\/wp-json\/wp\/v2\/categories?post=325104"},{"taxonomy":"post_tag","embeddable":true,"href":"https:\/\/www.focolare.org\/es\/wp-json\/wp\/v2\/tags?post=325104"}],"curies":[{"name":"wp","href":"https:\/\/api.w.org\/{rel}","templated":true}]}}