{"id":325164,"date":"2016-06-10T04:50:42","date_gmt":"2016-06-10T02:50:42","guid":{"rendered":"https:\/\/www.focolare.org\/viterbo-un-jardin-dedicado-a-chiara-lubich\/"},"modified":"2024-05-16T14:53:13","modified_gmt":"2024-05-16T12:53:13","slug":"viterbo-un-jardin-dedicado-a-chiara-lubich","status":"publish","type":"post","link":"https:\/\/www.focolare.org\/es\/viterbo-un-jardin-dedicado-a-chiara-lubich\/","title":{"rendered":"Viterbo: Un jard\u00edn dedicado a Chiara Lubich"},"content":{"rendered":"<p><img loading=\"lazy\" decoding=\"async\" class=\" wp-image-139673 alignleft\" src=\"https:\/\/www.focolare.org\/wp-content\/uploads\/2016\/06\/giardinoportaverit.jpg\" alt=\"giardinoportaverit\" width=\"368\" height=\"207\" \/><strong>El 4 de junio en Viterbo, capital de Tuscia, se dedic\u00f3 a <\/strong>Chiara Lubich, el jard\u00edn \u201cPorta della Verit\u00e0\u201d, para subrayar el apoyo que la ciudad brinda a su mensaje de unidad entre los pueblos: \u00abUn mensaje de interculturalidad que se vive como riqueza en la diversidad y respeto rec\u00edproco\u00bb, como se lee en uno de los peri\u00f3dicos locales, que dedicaron un amplio espacio a la noticia.  <strong>El jard\u00edn de Porta della Verit\u00e0 es un peque\u00f1o espacio verde <\/strong>situado dentro de la zona hist\u00f3rica de la ciudad de Viterbo. El 4 de junio estaban presentes muchos j\u00f3venes de las escuelas y algunas personalidades representativas de la historia de la ciudad, adem\u00e1s de autoridades municipales: el alcalde Leonardo Michelini y el obispo Lino Fumagalli.  <strong>El proyecto fue promovido por la Alcald\u00eda en el a\u00f1o 2014. Fue dise\u00f1ado y construido por Acli <\/strong>en colaboraci\u00f3n con el Instituto Comprensivo \u201cL.Fantappi\u00e9\u201d y preve\u00eda la instalaci\u00f3n del Dado de la Solidaridad. \u00abDese\u00e1bamos que el Dado estuviera en nuestra ciudad porque es un ejemplo concreto de solidaridad. La realizaci\u00f3n fue posible gracias a la colaboraci\u00f3n de todos los sectores de la administraci\u00f3n comunal\u00bb, explica Renzo Salvatori, presidente de Acli de Viterbo.  <img loading=\"lazy\" decoding=\"async\" class=\"wp-image-139669 alignleft\" src=\"https:\/\/www.focolare.org\/wp-content\/uploads\/2016\/06\/IL-DADO-SOLIDALE-Fin.-CURVE.jpg\" alt=\"IL-DADO-SOLIDALE-Fin.-CURVE\" width=\"273\" height=\"382\" \/><strong>\u00abEl tema de la solidaridad <\/strong>es un tema que toca la vida de todos nosotros \u2013 subraya el obispo Lino Fumagalli-. El grado de crecimiento de una sociedad se puede medir por la cantidad de las obras solidarias. Las frases que se pueden leer en las caras del dado, si se viven cada d\u00eda, dan calor a nuestros corazones\u00bb  <strong>Los estudiantes cuentan sus experiencias cotidianas de solidaridad <\/strong>explicando, adem\u00e1s, qu\u00e9 cosa los condujo a la elaboraci\u00f3n de las seis frases elegidas para el Dado Solidario (a trav\u00e9s de un concurso que se realiz\u00f3 en la escuela en el que se evaluaron m\u00e1s de 120 frases\u00a0 presentadas). \u00abEl Dado Solidario es un proyecto que le da sentido al trabajo de la escuela que comienza dentro de cada clase y contin\u00faa tambi\u00e9n despu\u00e9s de que suena el timbre de salida\u2013 agrega Alessando Ernestini del Instituto Fantappi\u00e9- La escuela es un elemento importante para la comunidad pues es capaz de trabajar en el territorio junto con las diversas asociaciones como Acli, y otros \u00f3rganos administrativos\u00bb  \u00abEsta jornada es un momento que ingresa en la historia de la ciudad \u2013 concluye el alcalde Leonardo Michelini-. El proyecto al principio no parec\u00eda realizable, pero los mensajes que el Dado Solidario transmite tienen un valor universal\u00bb.  Fuente: <a href=\"http:\/\/www.viterbopost.it\/2016\/06\/adesso-la-solidarieta-ha-sei-facce\/\">ViterboPost<\/a><\/p>\n","protected":false},"excerpt":{"rendered":"<p>Dentro del Jard\u00edn de \u201cPorta della Verit\u00e0\u201d dedicado a la fundadora del Movimiento de los Focolares, se instal\u00f3 el \u201cdado de la solidaridad\u201d.<\/p>\n","protected":false},"author":34,"featured_media":0,"comment_status":"open","ping_status":"open","sticky":false,"template":"","format":"standard","meta":{"give_campaign_id":0,"_seopress_robots_primary_cat":"","_seopress_titles_title":"","_seopress_titles_desc":"","_seopress_robots_index":"","_et_pb_use_builder":"","_et_pb_old_content":"","_et_gb_content_width":"","footnotes":""},"categories":[46],"tags":[],"class_list":["post-325164","post","type-post","status-publish","format-standard","hentry","category-sin-categorizar"],"_links":{"self":[{"href":"https:\/\/www.focolare.org\/es\/wp-json\/wp\/v2\/posts\/325164","targetHints":{"allow":["GET"]}}],"collection":[{"href":"https:\/\/www.focolare.org\/es\/wp-json\/wp\/v2\/posts"}],"about":[{"href":"https:\/\/www.focolare.org\/es\/wp-json\/wp\/v2\/types\/post"}],"author":[{"embeddable":true,"href":"https:\/\/www.focolare.org\/es\/wp-json\/wp\/v2\/users\/34"}],"replies":[{"embeddable":true,"href":"https:\/\/www.focolare.org\/es\/wp-json\/wp\/v2\/comments?post=325164"}],"version-history":[{"count":0,"href":"https:\/\/www.focolare.org\/es\/wp-json\/wp\/v2\/posts\/325164\/revisions"}],"wp:attachment":[{"href":"https:\/\/www.focolare.org\/es\/wp-json\/wp\/v2\/media?parent=325164"}],"wp:term":[{"taxonomy":"category","embeddable":true,"href":"https:\/\/www.focolare.org\/es\/wp-json\/wp\/v2\/categories?post=325164"},{"taxonomy":"post_tag","embeddable":true,"href":"https:\/\/www.focolare.org\/es\/wp-json\/wp\/v2\/tags?post=325164"}],"curies":[{"name":"wp","href":"https:\/\/api.w.org\/{rel}","templated":true}]}}