{"id":325174,"date":"2016-06-15T02:00:10","date_gmt":"2016-06-15T00:00:10","guid":{"rendered":"https:\/\/www.focolare.org\/indonesia-la-musica-en-beneficio-de-los-refugiados\/"},"modified":"2024-05-16T14:53:15","modified_gmt":"2024-05-16T12:53:15","slug":"indonesia-la-musica-en-beneficio-de-los-refugiados","status":"publish","type":"post","link":"https:\/\/www.focolare.org\/es\/indonesia-la-musica-en-beneficio-de-los-refugiados\/","title":{"rendered":"Indonesia: la m\u00fasica en beneficio de los refugiados"},"content":{"rendered":"<p><img loading=\"lazy\" decoding=\"async\" class=\"alignleft wp-image-139789\" src=\"https:\/\/www.focolare.org\/wp-content\/uploads\/2016\/06\/20160615-01.jpg\" alt=\"20160615-01\" width=\"250\" height=\"303\" \/><strong>La crisis de los refugiados en Europa interpela a todo el mundo<\/strong>, por sus dimensiones y sus muertes, las fronteras cerradas, y tambi\u00e9n por la gran generosidad de muchos. Esta noticia nos lleg\u00f3 desde <a href=\"https:\/\/www.focolare.org\/es\/focolare-worldwide\/asia\/indonesia\/\">Indonesia<\/a> y los que escriben son los<a href=\"https:\/\/www.focolare.org\/movimento-dei-focolari\/es\/un-popolo\/giovani-per-un-mondo-unito\/\"> J\u00f3venes por un Mundo Unido<\/a> de la ciudad de Medan (que tiene 4 millones de habitantes)<em>.<\/em>  <strong>\u00abLos numerosos refugiados que acampan en Grecia nos interpelaban.<\/strong> Quer\u00edamos hacer algo. Decidimos por lo tanto vivir nuestra<a href=\"http:\/\/www.y4uw.org\/it\/\"> Semana del Mundo Unido de 2016<\/a>, organizando un concierto para recaudar fondos para ellos. Ese concierto era tambi\u00e9n una expresi\u00f3n fuerte <strong>para afirmar que la paz es posible<\/strong> y comienza por nosotros mismos, a trav\u00e9s de hechos concretos\u00bb.  <strong>\u00abTen\u00edamos dos meses para prepararlo; no era mucho tiempo, pero dijimos que lo \u00edbamos a lograr<\/strong> y nos pusimos a trabajar sin prestarle atenci\u00f3n al cansancio f\u00edsico y a las dificultades econ\u00f3micas. Para cubrir los gastos de la organizaci\u00f3n fuimos a tocar nuestras canciones a los restaurantes, y tampoco falt\u00f3 la providencia de Dios. Logramos as\u00ed pagar el alquiler de la sala, una parte del sistema de sonido y otros gastos varios\u00bb.  <strong>\u00abCuando vi a todos esos j\u00f3venes delante de m\u00ed \u2013 cuenta Ika- trat\u00e9 de no pensar en m\u00ed misma<\/strong> sino en los refugiados y me arm\u00e9 de coraje\u00bb. Desde el punto de vista t\u00e9cnico \u2013 confiesan con simplicidad- \u00abhubo muchos errores, pero la atm\u00f3sfera de entusiasmo y de alegr\u00eda de casi 350 participantes nos convenci\u00f3 de que \u00a1vali\u00f3 la pena!\u00bb. Un coro de una universidad cat\u00f3lica y 4 cantantes quisieron dar su contribuci\u00f3n al concierto por la paz\u00bb.  <strong>\u00abSe recaudaron \u20ac 600, que corresponde a 3 \u00f3 4 meses de sueldo base en Indonesia.<\/strong> No es much\u00edsimo, pero est\u00e1bamos muy felices porque pudimos dar nuestro grano de arena por nuestros hermanos en dificultades\u00bb  \u00ab<strong>Fue una experiencia extraordinaria<\/strong> \u2013 afirma Randi -. Sent\u00ed fuerte que las diferencias, tanto religiosas como de etnia, verdaderamente son bellas. Espero que muchos corazones hayan sentido el impacto y comiencen a amar con gestos concretos\u00bb  \u00ab<strong>En un mural en el que estaba escrito\u00a0 \u201c<em>Let\u2019s bridge\u201d, <\/em>los participantes dejaron por escrito su compromiso de construir la paz\u00bb.<\/strong><\/p>\n","protected":false},"excerpt":{"rendered":"<p>El 14 de mayo, los J\u00f3venes por un Mundo Unido de Medan organizaron un concierto por la paz en beneficio de los refugiados que acampan en Grecia. Un puente de solidaridad a trav\u00e9s de la m\u00fasica.<\/p>\n","protected":false},"author":34,"featured_media":0,"comment_status":"open","ping_status":"open","sticky":false,"template":"","format":"standard","meta":{"give_campaign_id":0,"_seopress_robots_primary_cat":"","_seopress_titles_title":"","_seopress_titles_desc":"","_seopress_robots_index":"","_et_pb_use_builder":"","_et_pb_old_content":"","_et_gb_content_width":"","footnotes":""},"categories":[904,905],"tags":[],"class_list":["post-325174","post","type-post","status-publish","format-standard","hentry","category-focolare-worldwide-2-2","category-senza-categoria-2-2"],"_links":{"self":[{"href":"https:\/\/www.focolare.org\/es\/wp-json\/wp\/v2\/posts\/325174","targetHints":{"allow":["GET"]}}],"collection":[{"href":"https:\/\/www.focolare.org\/es\/wp-json\/wp\/v2\/posts"}],"about":[{"href":"https:\/\/www.focolare.org\/es\/wp-json\/wp\/v2\/types\/post"}],"author":[{"embeddable":true,"href":"https:\/\/www.focolare.org\/es\/wp-json\/wp\/v2\/users\/34"}],"replies":[{"embeddable":true,"href":"https:\/\/www.focolare.org\/es\/wp-json\/wp\/v2\/comments?post=325174"}],"version-history":[{"count":0,"href":"https:\/\/www.focolare.org\/es\/wp-json\/wp\/v2\/posts\/325174\/revisions"}],"wp:attachment":[{"href":"https:\/\/www.focolare.org\/es\/wp-json\/wp\/v2\/media?parent=325174"}],"wp:term":[{"taxonomy":"category","embeddable":true,"href":"https:\/\/www.focolare.org\/es\/wp-json\/wp\/v2\/categories?post=325174"},{"taxonomy":"post_tag","embeddable":true,"href":"https:\/\/www.focolare.org\/es\/wp-json\/wp\/v2\/tags?post=325174"}],"curies":[{"name":"wp","href":"https:\/\/api.w.org\/{rel}","templated":true}]}}