{"id":325210,"date":"2016-06-30T03:00:34","date_gmt":"2016-06-30T01:00:34","guid":{"rendered":"https:\/\/www.focolare.org\/llamado-por-la-naturaleza-y-la-humanidad\/"},"modified":"2024-05-16T14:53:23","modified_gmt":"2024-05-16T12:53:23","slug":"llamado-por-la-naturaleza-y-la-humanidad","status":"publish","type":"post","link":"https:\/\/www.focolare.org\/es\/llamado-por-la-naturaleza-y-la-humanidad\/","title":{"rendered":"Llamado por la Naturaleza y la Humanidad"},"content":{"rendered":"<p><a href=\"http:\/\/www.civiltadellamore.org\/download\/AppelloN-ita.pdf\"><strong><img loading=\"lazy\" decoding=\"async\" class=\"alignleft wp-image-140127\" src=\"https:\/\/www.focolare.org\/wp-content\/uploads\/2016\/06\/15173131963_dc28d74f12_b.jpg\" alt=\"15173131963_dc28d74f12_b\" width=\"368\" height=\"205\" \/>Llamado por la Naturaleza y la Humanidad<\/strong><\/a>  Estimulados por las decisiones tomadas por nuestros l\u00edderes \u2013por ejemplo recordamos, la instituci\u00f3n de la Jornada de Oraci\u00f3n por el Cuidado de la Creaci\u00f3n (Patriarca Demetrio, 1989), el Evangelical Climate Initiative (2006) y la enc\u00edclica Laudato si\u2019 (Papa Francisco, 2015).  Reconociendo la deuda que los pueblos de antigua tradici\u00f3n cristiana hemos contra\u00eddo con los pobres de la Tierra y las generaciones futuras a causa de la contaminaci\u00f3n de la Bi\u00f3sfera, fruto antes que nada de nuestro progreso irresponsable en los \u00faltimos siglos.  Conscientes de que la alarma por el cambio clim\u00e1tico puede convertirse en una oportunidad de un nuevo desarrollo integral para todos los pueblos.  Nosotros cristianos, abiertos a la contribuci\u00f3n de todas las personas de cualquier convicci\u00f3n, nos comprometemos en la oraci\u00f3n y en la acci\u00f3n para evitar la destrucci\u00f3n de la naturaleza y una nueva guerra mundial, adhiriendo a los siguientes diez desaf\u00edos: <\/p>\n<ol>\n<li>Transformar en proyectos de paz las armas esparcidas a nuestro alrededor, sobre todo las at\u00f3micas.<\/li>\n<li>Incrementar la investigaci\u00f3n en las ciencias de la Bi\u00f3sfera y sus aplicaciones, para que puedan llegar a ser m\u00e1s seguras.<\/li>\n<li>Clasificar y reciclar los desechos dom\u00e9sticos e industriales.<\/li>\n<li>Intensificar el uso de fuentes de energ\u00eda renovable.<\/li>\n<li>Realizar programas de reforestaci\u00f3n y pol\u00edticas forestales a todos los niveles (tanto local como internacional).<\/li>\n<li>Potenciar los transportes ecol\u00f3gicos, como los veh\u00edculos el\u00e9ctricos y de hidr\u00f3geno, y el uso del transporte p\u00fablico local.<\/li>\n<li>Destinar cada vez m\u00e1s los hidrocarburos a la producci\u00f3n de sustancias y materiales \u00fatiles a la humanidad, en vez de usarlos para la combusti\u00f3n.<\/li>\n<li>Evitar el desperdicio de bienes preciosos comunes como el agua y los alimentos, asegurando una distribuci\u00f3n m\u00e1s equitativa de los mismos.<\/li>\n<li>Respetar a los dem\u00e1s seres vivientes, reconociendo que cada cosa est\u00e1 en relaci\u00f3n con el planeta.<\/li>\n<li>Transformar nuestras casas, nuestros barrios y nuestras ciudades, de manera que vuelvan a ser lugares caracterizados por la belleza, la armon\u00eda y la fraternidad.<\/li>\n<\/ol>\n<p> \u00bfC\u00f3mo? <\/p>\n<ul>\n<li>Apoyando la posici\u00f3n asumida por nuestros l\u00edderes y promoviendo leyes que est\u00e9n en sinton\u00eda con aquella, como el Convenio de Par\u00eds.<\/li>\n<li>Promoviendo iniciativas seg\u00fan la \u201cRegla de Oro\u201d y sosteniendo las iniciativas de los dem\u00e1s, de cualquier convicci\u00f3n ellos<\/li>\n<li>Pidiendo consejos a nuestras comunidades y cooperando con ellas para promover acciones en pos de salvaguardar la naturaleza y la humanidad.<\/li>\n<\/ul>\n<p> Podemos alcanzar estos objetivos si empezamos ya, antes de que sea demasiado tarde. En especial, podremos contribuir a que los gases de efecto invernadero no superen valores peligrosos, como est\u00e1 previsto en el Convenio de Par\u00eds y como recomienda la comunidad cient\u00edfica\u00bb.  &nbsp;  <strong>EcoOne<\/strong> (<a href=\"http:\/\/www.ecoone.org\/\">www.ecoone.org\/<\/a>) <strong>Civilizaci\u00f3n del amor<\/strong> (<a href=\"http:\/\/www.civiltadellamore.org\/\">www.civiltadellamore.org\/<\/a>)  &nbsp;<\/p>\n","protected":false},"excerpt":{"rendered":"<p>La enc\u00edclica Laudato si\u2019 sigue inspirando iniciativas de salvaguarda del planeta. EcoOne, la red internacional de los Focolares que re\u00fane expertos en ecolog\u00eda, junto con Civilizaci\u00f3n del amor, proponen un llamado sintetizado en 10 desaf\u00edos.<\/p>\n","protected":false},"author":34,"featured_media":0,"comment_status":"open","ping_status":"open","sticky":false,"template":"","format":"standard","meta":{"give_campaign_id":0,"_seopress_robots_primary_cat":"","_seopress_titles_title":"","_seopress_titles_desc":"","_seopress_robots_index":"","_et_pb_use_builder":"","_et_pb_old_content":"","_et_gb_content_width":"","footnotes":""},"categories":[46],"tags":[],"class_list":["post-325210","post","type-post","status-publish","format-standard","hentry","category-sin-categorizar"],"_links":{"self":[{"href":"https:\/\/www.focolare.org\/es\/wp-json\/wp\/v2\/posts\/325210","targetHints":{"allow":["GET"]}}],"collection":[{"href":"https:\/\/www.focolare.org\/es\/wp-json\/wp\/v2\/posts"}],"about":[{"href":"https:\/\/www.focolare.org\/es\/wp-json\/wp\/v2\/types\/post"}],"author":[{"embeddable":true,"href":"https:\/\/www.focolare.org\/es\/wp-json\/wp\/v2\/users\/34"}],"replies":[{"embeddable":true,"href":"https:\/\/www.focolare.org\/es\/wp-json\/wp\/v2\/comments?post=325210"}],"version-history":[{"count":0,"href":"https:\/\/www.focolare.org\/es\/wp-json\/wp\/v2\/posts\/325210\/revisions"}],"wp:attachment":[{"href":"https:\/\/www.focolare.org\/es\/wp-json\/wp\/v2\/media?parent=325210"}],"wp:term":[{"taxonomy":"category","embeddable":true,"href":"https:\/\/www.focolare.org\/es\/wp-json\/wp\/v2\/categories?post=325210"},{"taxonomy":"post_tag","embeddable":true,"href":"https:\/\/www.focolare.org\/es\/wp-json\/wp\/v2\/tags?post=325210"}],"curies":[{"name":"wp","href":"https:\/\/api.w.org\/{rel}","templated":true}]}}