{"id":325270,"date":"2016-07-27T04:00:41","date_gmt":"2016-07-27T02:00:41","guid":{"rendered":"https:\/\/www.focolare.org\/kiribati-accion-por-un-mundo-unido-en-marcha\/"},"modified":"2024-05-16T14:53:34","modified_gmt":"2024-05-16T12:53:34","slug":"kiribati-accion-por-un-mundo-unido-en-marcha","status":"publish","type":"post","link":"https:\/\/www.focolare.org\/es\/kiribati-accion-por-un-mundo-unido-en-marcha\/","title":{"rendered":"Kiribati: Acci\u00f3n por un mundo unido \u00a1en marcha!"},"content":{"rendered":"<p><strong><a href=\"https:\/\/www.focolare.org\/wp-content\/uploads\/2016\/07\/16331320049_4ab176f6d0_z.jpg\"><img loading=\"lazy\" decoding=\"async\" class=\"alignright wp-image-140830\" src=\"https:\/\/www.focolare.org\/wp-content\/uploads\/2016\/07\/16331320049_4ab176f6d0_z.jpg\" alt=\"16331320049_4ab176f6d0_z\" width=\"368\" height=\"276\" \/><\/a><\/strong>El <strong><a href=\"http:\/\/www.amu-it.eu\/2016\/07\/19\/kiribati-i-bimbi-crescono-e-anche-i-cavoli\/?lang=it\">proyecto<\/a>, <\/strong>en marcha desde hace algunos a\u00f1os <strong><strong>e impulsado por<\/strong> <a href=\"http:\/\/www.amu-it.eu\/\">AMU (Acci\u00f3n por un mundo unido)<\/a> en la <a href=\"https:\/\/www.focolare.org\/es\/focolare-worldwide\/oceania\/kiribati\/\">Rep\u00fablica de Kiribati<\/a>, <\/strong>se dirige a la poblaci\u00f3n de Buota, uno de los pueblos m\u00e1s pobres de la isla de Tarawa, en el peque\u00f1o estado insular oce\u00e1nico. El objetivo del proyecto es el de mejorar las condiciones de vida de la comunidad, por medio de iniciativas dirigidas principalmente a mujeres y ni\u00f1os.  <strong>Los ni\u00f1os que asistieron al pre escolar son 61, tanto cat\u00f3licos como de otras confesiones o credos religiosos<\/strong>. Quince ni\u00f1os ya terminaron el periodo pre escolar y obtuvieron, por parte del Ministerio de Educaci\u00f3n P\u00fablica, el diploma que certifica el nivel de conocimientos y competencias adquiridas que los califica para comenzar la escuela primaria.  \u00ab<strong>El pre escolar es una actividad que contribuye a reforzar la colaboraci\u00f3n entre los miembros de la comunidad <\/strong>-nos escriben los referentes locales-. Por ejemplo, las madres de los alumnos a menudo trabajan en grupo para proporcionar la ayuda necesaria. Adem\u00e1s de algunas colectas de fondos realizadas con la venta de pan y marquetas de hielo, colaboraron en <strong>la construcci\u00f3n de una nueva aula entretejiendo la paja para el techo. Toda la comunidad de los Focolares en Buota, que fue la que ide\u00f3 el proyecto<\/strong>, se ocup\u00f3 voluntariamente de construir una nueva aula para responder al aumento de los alumnos\u00bb.  <strong>El proyecto en Kiribati prev\u00e9 tambi\u00e9n<\/strong> <strong>algunas actividades de formaci\u00f3n para las mujeres. <\/strong>\u00abAlgunas veces fueron actividades dif\u00edciles de organizar por el mal estado de las calles: en Buota los caminos no son siempre transitables y llegar al pueblo puede ser muy trabajoso. A pesar de ello, tambi\u00e9n se trabaj\u00f3 para solucionar este problema\u00bb.  <strong><a href=\"https:\/\/www.focolare.org\/wp-content\/uploads\/2016\/07\/16517605535_bb22d401f9_z.jpg\"><img loading=\"lazy\" decoding=\"async\" class=\" wp-image-140831 alignleft\" src=\"https:\/\/www.focolare.org\/wp-content\/uploads\/2016\/07\/16517605535_bb22d401f9_z.jpg\" alt=\"16517605535_bb22d401f9_z\" width=\"368\" height=\"276\" \/><\/a><\/strong><strong>El a\u00f1o pasado 4 personas del Ministerio de Salud dirigieron un breve taller sobre la nutrici\u00f3n de los ni\u00f1os. <\/strong>En esa ocasi\u00f3n se habl\u00f3 de la importancia de una alimentaci\u00f3n nutritiva para el desarrollo f\u00edsico y mental, se habl\u00f3 sobre la higiene, sobre los m\u00e9todos naturales de planificaci\u00f3n familiar y tambi\u00e9n explicaron c\u00f3mo armar huertas biol\u00f3gicas.  Para alentar la adopci\u00f3n de estilos de vida saludables, el equipo local del proyecto organiz\u00f3 un <strong>taller de dos d\u00edas sobre \u201cc\u00f3mo cultivar una huerta biol\u00f3gica\u201d, <\/strong>y contaron para ello con la colaboraci\u00f3n de personal calificado del Departamento de Agricultura. Se subray\u00f3 la necesidad de que muchas personas se dedicaran a esta actividad, de forma que pudieran compartir las experiencias y aprender m\u00e1s f\u00e1cilmente la manera de obtener un terreno rico de componentes org\u00e1nicos.  Desde la isla cuentan que, hacia fines del 2015, comenzaron a verse en distintas viviendas de <strong>Buota las primeras huertas biol\u00f3gicas \u00a1con repollos y tomates!<\/strong>  Es un aspecto importante en este contexto donde, el progresivo aumento del nivel del mar, va limitando claramente la superficie de la tierra que puede ser destinada a la agricultura.  &nbsp;  <strong>Fuente: <\/strong><a href=\"http:\/\/www.amu-it.eu\/2016\/07\/19\/kiribati-i-bimbi-crescono-e-anche-i-cavoli\/?lang=it\">AMU online (Asociaci\u00f3n para un mundo unido)<\/a><\/p>\n","protected":false},"excerpt":{"rendered":"<p>Un proyecto educativo, que est\u00e1 en marcha desde hace algunos a\u00f1os, dirigido a los m\u00e1s pobres, mujeres y ni\u00f1os. Las \u00faltimas noticias que llegan de Kiribati nos cuentan que el proyecto crece y que la comunidad es activa y participativa.<\/p>\n","protected":false},"author":34,"featured_media":0,"comment_status":"open","ping_status":"open","sticky":false,"template":"","format":"standard","meta":{"give_campaign_id":0,"_seopress_robots_primary_cat":"","_seopress_titles_title":"","_seopress_titles_desc":"","_seopress_robots_index":"","_et_pb_use_builder":"","_et_pb_old_content":"","_et_gb_content_width":"","footnotes":""},"categories":[904],"tags":[],"class_list":["post-325270","post","type-post","status-publish","format-standard","hentry","category-focolare-worldwide-2-2"],"_links":{"self":[{"href":"https:\/\/www.focolare.org\/es\/wp-json\/wp\/v2\/posts\/325270","targetHints":{"allow":["GET"]}}],"collection":[{"href":"https:\/\/www.focolare.org\/es\/wp-json\/wp\/v2\/posts"}],"about":[{"href":"https:\/\/www.focolare.org\/es\/wp-json\/wp\/v2\/types\/post"}],"author":[{"embeddable":true,"href":"https:\/\/www.focolare.org\/es\/wp-json\/wp\/v2\/users\/34"}],"replies":[{"embeddable":true,"href":"https:\/\/www.focolare.org\/es\/wp-json\/wp\/v2\/comments?post=325270"}],"version-history":[{"count":0,"href":"https:\/\/www.focolare.org\/es\/wp-json\/wp\/v2\/posts\/325270\/revisions"}],"wp:attachment":[{"href":"https:\/\/www.focolare.org\/es\/wp-json\/wp\/v2\/media?parent=325270"}],"wp:term":[{"taxonomy":"category","embeddable":true,"href":"https:\/\/www.focolare.org\/es\/wp-json\/wp\/v2\/categories?post=325270"},{"taxonomy":"post_tag","embeddable":true,"href":"https:\/\/www.focolare.org\/es\/wp-json\/wp\/v2\/tags?post=325270"}],"curies":[{"name":"wp","href":"https:\/\/api.w.org\/{rel}","templated":true}]}}