{"id":325310,"date":"2016-08-20T04:00:23","date_gmt":"2016-08-20T02:00:23","guid":{"rendered":"https:\/\/www.focolare.org\/la-sonrisa-de-daniel\/"},"modified":"2024-05-16T14:53:42","modified_gmt":"2024-05-16T12:53:42","slug":"la-sonrisa-de-daniel","status":"publish","type":"post","link":"https:\/\/www.focolare.org\/es\/la-sonrisa-de-daniel\/","title":{"rendered":"La sonrisa de Daniel"},"content":{"rendered":"<p><strong><a href=\"https:\/\/www.focolare.org\/wp-content\/uploads\/2016\/08\/VeronicaPodest\u00e0.jpg\"><img loading=\"lazy\" decoding=\"async\" class=\"wp-image-141171 alignleft\" src=\"https:\/\/www.focolare.org\/wp-content\/uploads\/2016\/08\/VeronicaPodest\u00e0.jpg\" alt=\"VeronicaPodest\u00e0\" width=\"368\" height=\"276\" \/><\/a>\u00abDesde que comenc\u00e9 a estudiar \u2013 nos cuenta Ver\u00f3nica, italiana de G\u00e9nova\u2013 ten\u00eda un sue\u00f1o: poner al servicio de los dem\u00e1s mi profesionalidad.<\/strong> En el 2013, reci\u00e9n graduada, parto a Man (<a href=\"https:\/\/www.focolare.org\/es\/focolare-worldwide\/africa\/costa-davorio\/\">Costa de Marfil<\/a>). Al inicio fue dif\u00edcil porque yo no hablaba franc\u00e9s. Sin embargo, descubr\u00ed que con gestos concretos se construyen puentes mucho m\u00e1s que con palabras.  <strong>Con algunas chicas decidimos organizar una peque\u00f1a actividad para vender algunos objetos.<\/strong> Durante varios meses, despu\u00e9s del trabajo, nos ve\u00edamos para hacer collares, pulseras, recoger lo que era superfluo en nuestras casas. <strong>El dinero recaudado lo pusimos en un fondo com\u00fan para utilizarlo en caso de problemas econ\u00f3micos<\/strong>, para sostener los estudios de alguien, etc&#8230; un d\u00eda, una de nosotros comparti\u00f3 una gran dificultad: su padre no hab\u00eda recibido el sueldo y su familia no ten\u00eda nada para comer. Todos estuvimos de acuerdo en destinar parte de ese fondo para ayudar a su familia. \u00a1Vi un Evangelio que se vive, no s\u00f3lo que se contempla! No siempre fue f\u00e1cil: a veces extra\u00f1aba mi familia, mis amigos, mis costumbres&#8230; pero el cielo siempre fue mi mejor amigo. Cuando me sent\u00eda sola o ten\u00eda una dificultad que no lograba superar, alzaba los ojos y, mirando al cielo, me perd\u00eda en la inmensidad de la creaci\u00f3n. \u00a1Qu\u00e9 armon\u00eda, cu\u00e1nto amor en todo lo que estaba a mi alrededor&#8230; y aquel Amor era tambi\u00e9n para mi!\u00bb  <strong>Durante mi per\u00edodo en \u00c1frica conoc\u00ed a un ni\u00f1o que ten\u00eda una malformaci\u00f3n card\u00edaca desde el nacimiento.<\/strong> Cada vez que ven\u00eda, Daniel ilumina el dispensario con una espl\u00e9ndida sonrisa. A pesar de los tratamientos invasivos que deb\u00eda soportar, el amor y la alegr\u00eda que emanaba se difund\u00eda y atrapaba. A pesar de los numerosos esfuerzos, era necesario hacer algo m\u00e1s. \u00c9l necesitaba m\u00e1s terapias e intervenciones adecuadas. <strong>Despu\u00e9s de un a\u00f1o, mi experiencia en \u00c1frica termina.<\/strong> Regresando a casa estaba feliz de encontrar todas las personas que yo quer\u00eda mucho, pero dentro de m\u00ed todav\u00eda ten\u00eda la sonrisa de Daniel cuando lo salud\u00e9. Sent\u00ed que no pod\u00eda olvidarlo, que no pod\u00eda dejarlo solo. Entonces con otros amigos comenzamos a movilizarnos para ver si hab\u00eda posibilidades de operarlo en Italia. El entusiasmo era contagioso. Despu\u00e9s de algunas semanas, junto a su familia y sus amigos organizamos una cena para recaudar fondos y permitir a Daniel venir a Italia para su operaci\u00f3n. Un mes m\u00e1s tarde, <strong>Daniel llega a Italia acompa\u00f1ado por su padre y Carlo (un focolarino<\/strong> que los hab\u00eda ayudado en los tr\u00e1mites burocr\u00e1ticos).  <strong><img loading=\"lazy\" decoding=\"async\" class=\"alignright wp-image-141175\" src=\"https:\/\/www.focolare.org\/wp-content\/uploads\/2016\/08\/Daniel.jpg\" alt=\"Daniel\" width=\"368\" height=\"248\" \/>Fueron dos meses intensos, pero gracias a la sonrisa de Daniel, nuestras culturas se enriquecieron y nosotros las redescubrimos.<\/strong> A trav\u00e9s de sus ojos redescubr\u00ed el mar, la nieve, la alegr\u00eda de vivir el momento presente. <strong>Mientras tanto, la operaci\u00f3n de Daniel fue un \u00e9xito.<\/strong> El pap\u00e1 le hab\u00eda prometido una bicicleta si todo iba bien. Sin embargo, despu\u00e9s de la operaci\u00f3n, el padre se dio cuenta que era un regalo demasiado caro para sus posibilidades&#8230; pero el amor de la comunidad fue inmediato: la misma noche que el padre me confi\u00f3 su dificultad, una amiga me dio un sobre. En su fiesta de cumplea\u00f1os hab\u00eda presentado la historia de Daniel. Sus amigos, en lugar de hacerle regalos, recogieron el dinero para \u00e9l. \u00a1Parece incre\u00edble, en el sobre hab\u00eda exactamente la suma necesaria para comprar la bicicleta que Daniel tanto deseada!  <strong>Part\u00ed convencida que pod\u00eda dar mucho. En cambio me di cuenta que cada d\u00eda recib\u00eda mucho m\u00e1s de cu\u00e1nto donaba&#8230;<\/strong> a menudo se parte con la idea de cambiar el mundo; pero uno se da cuenta que para hacerlo, es necesario comenzar a cambiar uno mismo y nuestra forma de estar con los dem\u00e1s. S\u00f3lo construyendo, momento por momento, puentes de fraternidad se puede cambiar el mundo e iluminarlo con nuestra sonrisa. Justamente como hace Daniel\u00bb.  A principios de julio, en el \u201cVillaggio del Ragazzo\u201d (Pueblo del ni\u00f1o) de San Salvatore di Cogorno (provincia de G\u00e9nova), <strong>fue entregado el \u201cPremio Bondad Padre Nando Negri\u201d 2016 a Ver\u00f3nica Podest\u00e0 gracias a su compromiso social, su entusiasmo y su tenacidad.<\/strong><\/p>\n","protected":false},"excerpt":{"rendered":"<p>Il racconto di una giovane infermiera dei Focolari sul periodo trascorso in Costa d\u2019Avorio. Con l\u2019aiuto di tanti riesce a salvare la vita di un bambino affetto da una malformazione al cuore.<\/p>\n","protected":false},"author":34,"featured_media":0,"comment_status":"open","ping_status":"open","sticky":false,"template":"","format":"standard","meta":{"give_campaign_id":0,"_seopress_robots_primary_cat":"","_seopress_titles_title":"","_seopress_titles_desc":"","_seopress_robots_index":"","_et_pb_use_builder":"","_et_pb_old_content":"","_et_gb_content_width":"","footnotes":""},"categories":[904,905],"tags":[],"class_list":["post-325310","post","type-post","status-publish","format-standard","hentry","category-focolare-worldwide-2-2","category-senza-categoria-2-2"],"_links":{"self":[{"href":"https:\/\/www.focolare.org\/es\/wp-json\/wp\/v2\/posts\/325310","targetHints":{"allow":["GET"]}}],"collection":[{"href":"https:\/\/www.focolare.org\/es\/wp-json\/wp\/v2\/posts"}],"about":[{"href":"https:\/\/www.focolare.org\/es\/wp-json\/wp\/v2\/types\/post"}],"author":[{"embeddable":true,"href":"https:\/\/www.focolare.org\/es\/wp-json\/wp\/v2\/users\/34"}],"replies":[{"embeddable":true,"href":"https:\/\/www.focolare.org\/es\/wp-json\/wp\/v2\/comments?post=325310"}],"version-history":[{"count":0,"href":"https:\/\/www.focolare.org\/es\/wp-json\/wp\/v2\/posts\/325310\/revisions"}],"wp:attachment":[{"href":"https:\/\/www.focolare.org\/es\/wp-json\/wp\/v2\/media?parent=325310"}],"wp:term":[{"taxonomy":"category","embeddable":true,"href":"https:\/\/www.focolare.org\/es\/wp-json\/wp\/v2\/categories?post=325310"},{"taxonomy":"post_tag","embeddable":true,"href":"https:\/\/www.focolare.org\/es\/wp-json\/wp\/v2\/tags?post=325310"}],"curies":[{"name":"wp","href":"https:\/\/api.w.org\/{rel}","templated":true}]}}