{"id":325332,"date":"2016-08-30T03:00:09","date_gmt":"2016-08-30T01:00:09","guid":{"rendered":"https:\/\/www.focolare.org\/sportmeet-en-croacia-relacion-entre-deporte-y-naturaleza\/"},"modified":"2024-05-16T14:53:46","modified_gmt":"2024-05-16T12:53:46","slug":"sportmeet-en-croacia-relacion-entre-deporte-y-naturaleza","status":"publish","type":"post","link":"https:\/\/www.focolare.org\/es\/sportmeet-en-croacia-relacion-entre-deporte-y-naturaleza\/","title":{"rendered":"Sportmeet en Croacia: relaci\u00f3n entre deporte y naturaleza"},"content":{"rendered":"<p><em><strong><a href=\"https:\/\/www.focolare.org\/wp-content\/uploads\/2016\/08\/Sportmeet_06.jpg\"><img loading=\"lazy\" decoding=\"async\" class=\"alignright wp-image-141321\" src=\"https:\/\/www.focolare.org\/wp-content\/uploads\/2016\/08\/Sportmeet_06.jpg\" alt=\"Sportmeet_06\" width=\"386\" height=\"290\" \/><\/a><\/strong>\u201c<strong>You and Sportmeet for Nature\u201d<\/strong>.<\/em> \u00c9ste es el t\u00edtulo elegido para la edici\u00f3n 2016 de la Escuela de Verano organizada por la red <a href=\"http:\/\/www.sportmeet.org\/\" target=\"_blank\" rel=\"noopener\">Sportmeet<\/a>, que reuni\u00f3 a deportistas de varias partes del mundo para reflexionar sobre la actual crisis ambiental y sobre la contribuci\u00f3n espec\u00edfica que el deporte puede dar al desarrollo de una aut\u00e9ntica conciencia ecol\u00f3gica. Y no s\u00f3lo esto. Por las enormes potencialidades del deporte, se puede hablar incluso de una aportaci\u00f3n para favorecer la amistad entre los pueblos y de \u00e9stos con la creaci\u00f3n, sin olvidar el alto valor educativo que la pr\u00e1ctica deportiva contiene en s\u00ed misma, especialmente si \u00e9sta se desarrolla en el marco del altruismo y de la reciprocidad.  <strong>En la escuela participaron 83 personas<\/strong>, procedentes de 8 naciones: deportistas de varios niveles, edades y disciplinas, dirigentes deportivos, docentes de Educaci\u00f3n F\u00edsica y entrenadores, como tambi\u00e9n otras figuras vinculadas al deporte,\u00a0en su dimensi\u00f3n agon\u00edstica o l\u00fadica.  <strong>Paolo Cipolli,<\/strong> \u00a0coordinador de la red Spormeet a nivel internacional, describi\u00f3 la historia y la realidad actual de esta iniciativa, precedido por los saludos de las numerosas autoridades presentes, entre las cuales estaban el vicealcalde de Kri<em>\u017e<\/em>evci, Tomislav Katanovi\u0107, el vicepresidente de la Regi\u00f3n y ex instructor federal de balonmano, Ivan Pal, el vice ministro de Ciencia, Formaci\u00f3n y Deporte, Hrvoje \u0160lezak, del embajador de Suiza en Croacia Stefan Estermann, el segundo secretario del embajador italiano en Croacia y el saludo de Sportmeet Croacia, presentado por Anna Lisa Gasparini y Zdenko\u00a0Horvat.  <strong><a href=\"https:\/\/www.focolare.org\/wp-content\/uploads\/2016\/08\/Sportmeet_02.jpg\"><img loading=\"lazy\" decoding=\"async\" class=\"alignleft wp-image-141323\" src=\"https:\/\/www.focolare.org\/wp-content\/uploads\/2016\/08\/Sportmeet_02.jpg\" alt=\"Sportmeet_02\" width=\"321\" height=\"241\" \/><\/a>A lo largo de los tres d\u00edas de escuela,<\/strong> docentes y expertos ofrecieron reflexiones acerca de varios temas: Deporte y naturaleza: un descubrimiento, un recurso, un desaf\u00edo (Paolo Crepaz \u2013 Sportmeet), El deporte en la naturaleza: estilos de vida, salud y aspectos recreativos (Mirna Andrijasevi\u0107 \u2013 Universidad de Zagreb), Ecolog\u00eda y quinesiolog\u00eda (Ivan Prskalo \u2013 Universidad de Zagreb), Outdoor Education \u2013 motivos y elementos que cualifican el \u201chacer escuela\u201d al aire libre (Andrea Ceciliani \u2013 Universidad de Bolonia) quien ofreci\u00f3 adem\u00e1s un apasionante taller te\u00f3rico pr\u00e1ctico. Tambi\u00e9n Marija Zegnal, presidente de la Asociaci\u00f3n Quinesi\u00f3logos de Kri\u017eevci, propuso un divertido taller te\u00f3rico pr\u00e1ctico sobre los juegos tradicionales croatas.  La escuela incluy\u00f3 breves paseos (al Monte Kalnik y al lago \u010cabraj), como tambi\u00e9n una velada para compartir buenas pr\u00e1cticas de la red Sportmeet, incluidas dos intervenciones realizadas en conexi\u00f3n con R\u00edo de Janeiro y Belgrado que permitieron a los participantes vivir momentos de intercambio y de di\u00e1logo constructivo.  Para introducir la jornada conclusiva, se escuch\u00f3 la grabaci\u00f3n de una conferencia que <a href=\"https:\/\/www.focolare.org\/es\/chiara-lubich\/\" target=\"_blank\" rel=\"noopener\">Chiara Lubich,<\/a> fundadora de los Focolares, dirigi\u00f3 a las Naciones Unidas en 1986 sobre el tema de la fraternidad entre las personas y entre los pueblos. Surgi\u00f3 luego un largo y participativo di\u00e1logo entre todos los presentes que permiti\u00f3 delinear los horizontes y las perspectivas de la pr\u00f3xima Escuela de Verano, programada para la primera semana de julio de 2017 en Barcelona, Espa\u00f1a.  Fuente: <a href=\"http:\/\/www.sportmeet.org\/es\/\">Sportmeet online<\/a>  Leer tambi\u00e9n<span id=\"result_box\" class=\"short_text\" lang=\"es\"><\/span>: <a href=\"https:\/\/www.focolare.org\/es\/news\/2015\/10\/30\/sportmeet-nei-balcani-quando-lo-sport-unisce\/\">Sportmeet en los Balcanes, cuando el deporte une\u00a0<\/a><\/p>\n","protected":false},"excerpt":{"rendered":"<p>Desde el 14 hasta el 17 de julio, en Kri\u017eevci (Croacia), deportistas procedentes de 8 naciones reflexionaron sobre la relaci\u00f3n entre deporte y naturaleza.<\/p>\n","protected":false},"author":34,"featured_media":0,"comment_status":"open","ping_status":"open","sticky":false,"template":"","format":"standard","meta":{"give_campaign_id":0,"_seopress_robots_primary_cat":"","_seopress_titles_title":"","_seopress_titles_desc":"","_seopress_robots_index":"","_et_pb_use_builder":"","_et_pb_old_content":"","_et_gb_content_width":"","footnotes":""},"categories":[904],"tags":[],"class_list":["post-325332","post","type-post","status-publish","format-standard","hentry","category-focolare-worldwide-2-2"],"_links":{"self":[{"href":"https:\/\/www.focolare.org\/es\/wp-json\/wp\/v2\/posts\/325332","targetHints":{"allow":["GET"]}}],"collection":[{"href":"https:\/\/www.focolare.org\/es\/wp-json\/wp\/v2\/posts"}],"about":[{"href":"https:\/\/www.focolare.org\/es\/wp-json\/wp\/v2\/types\/post"}],"author":[{"embeddable":true,"href":"https:\/\/www.focolare.org\/es\/wp-json\/wp\/v2\/users\/34"}],"replies":[{"embeddable":true,"href":"https:\/\/www.focolare.org\/es\/wp-json\/wp\/v2\/comments?post=325332"}],"version-history":[{"count":0,"href":"https:\/\/www.focolare.org\/es\/wp-json\/wp\/v2\/posts\/325332\/revisions"}],"wp:attachment":[{"href":"https:\/\/www.focolare.org\/es\/wp-json\/wp\/v2\/media?parent=325332"}],"wp:term":[{"taxonomy":"category","embeddable":true,"href":"https:\/\/www.focolare.org\/es\/wp-json\/wp\/v2\/categories?post=325332"},{"taxonomy":"post_tag","embeddable":true,"href":"https:\/\/www.focolare.org\/es\/wp-json\/wp\/v2\/tags?post=325332"}],"curies":[{"name":"wp","href":"https:\/\/api.w.org\/{rel}","templated":true}]}}