{"id":325362,"date":"2016-09-08T03:00:00","date_gmt":"2016-09-08T01:00:00","guid":{"rendered":"https:\/\/www.focolare.org\/la-nueva-humanidad-de-chiara-lubich-en-el-social-forum-de-montreal\/"},"modified":"2024-05-16T14:53:52","modified_gmt":"2024-05-16T12:53:52","slug":"la-nueva-humanidad-de-chiara-lubich-en-el-social-forum-de-montreal","status":"publish","type":"post","link":"https:\/\/www.focolare.org\/es\/la-nueva-humanidad-de-chiara-lubich-en-el-social-forum-de-montreal\/","title":{"rendered":"La nueva humanidad de Chiara Lubich en el Social Forum de Montreal"},"content":{"rendered":"<p><strong><img loading=\"lazy\" decoding=\"async\" class=\"alignleft wp-image-141961\" src=\"https:\/\/www.focolare.org\/wp-content\/uploads\/2016\/09\/World-Social-Forum-02.jpg\" alt=\"World Social Forum -02\" width=\"386\" height=\"209\" \/>La semana de la amabilidad en la escuela de Yvonne, en Toronto<\/strong>, recibi\u00f3 sorpresivamente la visita de un ministro del gobierno canadiense, interesado en comprender c\u00f3mo hicieron los estudiantes, a trav\u00e9s del<a href=\"https:\/\/www.focolare.org\/wp-content\/uploads\/2010\/09\/DadoSpagnolo.pdf\" target=\"_blank\" rel=\"noopener\">\u00a0dado del amor<\/a>,\u00a0para cambiar la atm\u00f3sfera de las clases e incrementar el servicio y la atenci\u00f3n hacia los dem\u00e1s, reduciendo el bullying, es decir, el acoso escolar. El Peace Project (proyecto para la paz), fue galardonado como una de las pr\u00e1cticas m\u00e1s ejemplares del distrito y fue adoptado tambi\u00e9n por otras escuelas con la aprobaci\u00f3n del ministerio de la educaci\u00f3n.  <a href=\"https:\/\/www.focolare.org\/es\/news\/2012\/02\/26\/english-usa-one-city-that-cares\/\">En North Riverside<\/a>, un pueblo que se encuentra a pocos kil\u00f3metros de Chicago, Carol gener\u00f3 un proyecto social, el Arte de cuidar, que recibi\u00f3 la aprobaci\u00f3n de la administraci\u00f3n p\u00fablica y que transform\u00f3 a unos vecinos ajenos y desconfiados en una comunidad con un estilo de vida basado en acoger y compartir.  <strong><img loading=\"lazy\" decoding=\"async\" class=\"size-full wp-image-141972 alignright\" src=\"https:\/\/www.focolare.org\/wp-content\/uploads\/2016\/09\/World-Social-Forum-04.jpg\" alt=\"World Social Forum -04\" width=\"300\" height=\"222\" \/><\/strong>\u00c9stas son algunas de las buenas pr\u00e1cticas que el\u00a0<a href=\"https:\/\/www.focolare.org\/es\/movimento-dei-focolari\/un-popolo\/umanita-nuova\/\">Movimiento Humanidad Nueva<\/a>, expresi\u00f3n social de los Focolares, present\u00f3 en el Social Forum mundial de Montreal que, en la segunda semana de agosto, reuni\u00f3 a m\u00e1s de 25 mil activistas de 125 pa\u00edses.\u00a0 Proyectos, estudios, acciones sociales, representaciones art\u00edsticas ayudaron a imaginar ese \u201cotro mundo\u201d, al que hace referencia el t\u00edtulo (\u201cOtro mundo es necesario, juntos es posible\u201d), elegido para la 12ava edici\u00f3n de este laboratorio mundial, nacido en el 2001 en Porto Alegre, Brasil, como respuesta al forum econ\u00f3mico que los as\u00ed llamados potentes de la tierra llevaron a cabo en Davos, Suiza. El forum social ofrece un espacio que las distintas expresiones de la sociedad civil administran de forma aut\u00f3noma, intentando imprimir, desde la base, un cambio en el \u00e1mbito de los derechos humanos, el medio ambiente, las econom\u00edas alternativas, las energ\u00edas renovables, la democracia participativa. Los tres talleres abiertos, gestionados por Humanidad Nueva, fueron una exposici\u00f3n de las buenas pr\u00e1cticas en el campo social, econ\u00f3mico y pol\u00edtico surgidas del carisma de la unidad de\u00a0<a href=\"https:\/\/www.focolare.org\/es\/chiara-lubich\/\">Chiara Lubich<\/a>, a trav\u00e9s de tres talleres p\u00fablicos en la universidad McGill de Montreal y en la de Quebec.  <strong>Jean Charles Bitorirobe<\/strong>, burund\u00e9s de origen y ciudadano canadiense, a trav\u00e9s de su asociaci\u00f3n \u201c<strong>Burundi coeur d\u2019Afrique<\/strong>\u201d quiso sanar los conflictos \u00e9tnicos que en su patria divid\u00edan a los Hutu de los Tutsi y que de la misma forma se hab\u00edan trasladado a Quebec. \u201cNuestro centro cultural quer\u00eda estar abierto a los burundeses sin fijarse en su etnia y en febrero logramos reunir a m\u00e1s de 420 personas para intercambiarnos experiencias, tristes bagajes del pasado, costumbres culturales que no pod\u00edan seguir dividiendo a nuestro pueblo. Nos inspir\u00f3 el carisma de la unidad\u201d.  Jean Charles cre\u00f3 un equipo de f\u00fatbol, abri\u00f3 un curso de idioma kirundi y otro de danzas, hizo una colecta de fondos para 150 ni\u00f1os con d\u00e9ficit mentales en Burundi y una cena con comida t\u00edpica y m\u00fasicas tradicionales. \u201cEn seguida alguien pens\u00f3 que quer\u00edamos constituir un partido pol\u00edtico, pero nosotros s\u00f3lo queremos trabajar por la unidad, y tambi\u00e9n la embajada apreci\u00f3 y reconoci\u00f3 nuestro trabajo\u201d.  Al cierre de este taller p\u00fablico, intervino\u00a0<strong>Patience Lob\u00e8<\/strong>, pol\u00edtica camerun\u00e9s y punto de referencia para los miles de\u00a0<a href=\"https:\/\/www.focolare.org\/es\/movimento-dei-focolari\/scelte-e-impegno\/volontari\/\">voluntarios\u00a0<\/a>del Movimiento de los focolares. A pesar de haber recibido amenazas de muerte y de haber sufrido varios atentados por sus denuncias en contra de la corrupci\u00f3n en el sistema de las obras p\u00fablicas de su pa\u00eds, Patience jam\u00e1s afloj\u00f3. \u201cSent\u00eda que ten\u00eda que luchar por la justicia. No s\u00e9 si esta tenacidad es fruto de mi naturaleza, pero pienso que Dios nos utiliza como instrumentos suyos\u201d.\u00a0 Como ingeniera civil percib\u00eda un \u00f3ptimo sueldo, sin embargo la pobreza que la rodeaba no la dejaba en paz, as\u00ed que esta mujer valiente cre\u00f3 centros profesionales de capacitaci\u00f3n al trabajo adem\u00e1s de unas cooperativas, entre las cuales una de criadero org\u00e1nico de pollos\u00a0 que se convirti\u00f3 en el buque insignia en el distrito industrial del pa\u00eds. \u201cEl hambre, la pobreza es antes que nada un problema de valores, pero si nos juntamos podemos crear el cambio y ser personas que saben desarrollar lo nuevo\u201d. Todo en sinton\u00eda con el mapa de trabajo del Social forum.  &nbsp;<\/p>\n","protected":false},"excerpt":{"rendered":"<p>\u201cOtro mundo es necesario, juntos es posible\u201d, es el programa de los 25 mil participantes de 125 pa\u00edses concentrados en trabajar sobre derechos humanos, conflictos y migraciones, salvaguardia de la creaci\u00f3n, finanza y econom\u00eda solidaria, ciudadan\u00eda activa y participaci\u00f3n. Estaban presentes tambi\u00e9n los Focolares con talleres de buenas pr\u00e1cticas.<\/p>\n","protected":false},"author":34,"featured_media":0,"comment_status":"open","ping_status":"open","sticky":false,"template":"","format":"standard","meta":{"give_campaign_id":0,"_seopress_robots_primary_cat":"","_seopress_titles_title":"","_seopress_titles_desc":"","_seopress_robots_index":"","_et_pb_use_builder":"","_et_pb_old_content":"","_et_gb_content_width":"","footnotes":""},"categories":[46],"tags":[],"class_list":["post-325362","post","type-post","status-publish","format-standard","hentry","category-sin-categorizar"],"_links":{"self":[{"href":"https:\/\/www.focolare.org\/es\/wp-json\/wp\/v2\/posts\/325362","targetHints":{"allow":["GET"]}}],"collection":[{"href":"https:\/\/www.focolare.org\/es\/wp-json\/wp\/v2\/posts"}],"about":[{"href":"https:\/\/www.focolare.org\/es\/wp-json\/wp\/v2\/types\/post"}],"author":[{"embeddable":true,"href":"https:\/\/www.focolare.org\/es\/wp-json\/wp\/v2\/users\/34"}],"replies":[{"embeddable":true,"href":"https:\/\/www.focolare.org\/es\/wp-json\/wp\/v2\/comments?post=325362"}],"version-history":[{"count":0,"href":"https:\/\/www.focolare.org\/es\/wp-json\/wp\/v2\/posts\/325362\/revisions"}],"wp:attachment":[{"href":"https:\/\/www.focolare.org\/es\/wp-json\/wp\/v2\/media?parent=325362"}],"wp:term":[{"taxonomy":"category","embeddable":true,"href":"https:\/\/www.focolare.org\/es\/wp-json\/wp\/v2\/categories?post=325362"},{"taxonomy":"post_tag","embeddable":true,"href":"https:\/\/www.focolare.org\/es\/wp-json\/wp\/v2\/tags?post=325362"}],"curies":[{"name":"wp","href":"https:\/\/api.w.org\/{rel}","templated":true}]}}