{"id":325364,"date":"2016-09-10T03:00:42","date_gmt":"2016-09-10T01:00:42","guid":{"rendered":"https:\/\/www.focolare.org\/en-la-periferia-de-buenos-aires\/"},"modified":"2024-05-16T14:53:52","modified_gmt":"2024-05-16T12:53:52","slug":"en-la-periferia-de-buenos-aires","status":"publish","type":"post","link":"https:\/\/www.focolare.org\/es\/en-la-periferia-de-buenos-aires\/","title":{"rendered":"En la periferia de Buenos Aires"},"content":{"rendered":"<p><strong><img loading=\"lazy\" decoding=\"async\" class=\"wp-image-142067 alignleft\" src=\"https:\/\/www.focolare.org\/wp-content\/uploads\/2016\/09\/20160910-01.jpg\" alt=\"20160910-01\" width=\"250\" height=\"263\" \/>El 14 de agosto, gran fiesta \u00a0en Jos\u00e9 C. Paz<\/strong> (a unos cincuenta Km. de Buenos Aires, <a href=\"https:\/\/www.focolare.org\/es\/focolare-worldwide\/america-sud\/argentina\/\">Argentina<\/a>), <strong>para celebrar el 10\u00ba aniversario<\/strong> de la inauguraci\u00f3n de la sede que acoge las actividades del<strong> proyecto social \u201cJuntos por el Barrio\u201d,<\/strong> un centro social destinado especialmente a los ni\u00f1os y adolescentes del barrio y a sus familias. Si bien es verdad que el edificio cumple diez a\u00f1os, no hay que olvidar que las actividades del proyecto se iniciaron mucho antes y, como a menudo sucede, fueron suscitadas por la gente que viv\u00eda en el barrio desde hace tiempo.  <strong>Cuando Francisco, el Papa argentino, invit\u00f3 a ocuparse de las periferias<\/strong>, probablemente pensaba en asentamientos como el barrio donde se erige este centro social. Se trata de un conjunto habitacional que se form\u00f3 de modo desordenado, a espaldas de otras construcciones. Est\u00e1 constituido por n\u00facleos familiares llegados all\u00ed en busca de fortuna, una fortuna que lamentablemente no\u00a0 encontraron porque ni siquiera all\u00ed exist\u00eda. La desocupaci\u00f3n imperante los ha hecho todav\u00eda m\u00e1s pobres y vulnerables de sufrir todas sus consecuencias: marginaci\u00f3n, alcoholismo, droga, violencia, prostituci\u00f3n. Son peligros que amenazaban tambi\u00e9n a muchos ni\u00f1os y adolescentes que pasaban casi todo el tiempo en la calle.  <strong><img loading=\"lazy\" decoding=\"async\" class=\"wp-image-142065 alignright\" src=\"https:\/\/www.focolare.org\/wp-content\/uploads\/2016\/09\/20160810-02.jpg\" alt=\"20160810-02\" width=\"368\" height=\"214\" \/>Desde 1999, algunos habitantes \u2018hist\u00f3ricos\u2019 del barrio, apoyados por los Focolarinos, que tienen un centro de congresos<\/strong> en sus aleda\u00f1os, \u00a0se pusieron a trabajar para hacer algo por los reci\u00e9n llegados. Lo primero que hicieron fue evaluar cu\u00e1l era la demanda m\u00e1s fuerte que emerg\u00eda del barrio. Y \u00e9sta era: poder disponer de un lugar de acogida diurno para ni\u00f1os y adolescentes, que permitiera sacarlos de la calle. As\u00ed naci\u00f3 el proyecto \u201cJuntos por el Barrio\u201d. En una sencilla sala \u00a0inici\u00f3 la primera actividad de apoyo escol\u00e1stico. Visto el \u00e9xito de la iniciativa (en parte financiada con el apoyo a distancia de <a href=\"http:\/\/www.afnonlus.org\/\">AFN onlus<\/a>), las ideas se multiplicaron en otras tantas iniciativas. Y con donaciones provenientes tambi\u00e9n del extranjero, se construy\u00f3 un edificio donde realizar estas actividades, el cual muy pronto se convirti\u00f3\u00a0 en punto de encuentro y de referencia para todo el <em>barrio<\/em>.  <strong><img loading=\"lazy\" decoding=\"async\" class=\"alignleft wp-image-142064\" src=\"https:\/\/www.focolare.org\/wp-content\/uploads\/2016\/09\/20160910-03.jpg\" alt=\"20160910-03\" width=\"368\" height=\"245\" \/>Era justo, pues, festejar, tambi\u00e9n porque el barrio est\u00e1 cambiando realmente su aspecto.<\/strong> En el centro \u201cJuntos por el barrio\u201d, se realizan actualmente muchas actividades, la mayor parte de ellas dirigidas a los menores, pero tambi\u00e9n a personas de todas las edades: integraci\u00f3n nutricional, prevenci\u00f3n sanitaria, alfabetizaci\u00f3n, talleres de serigraf\u00eda y artesan\u00eda, cursos para\u00a0 jardineros, peluqueros, sastres, actividades l\u00fadicas. <strong>Se da de esta manera un apoyo a m\u00e1s de 70 familias, mientras cada semana el centro es frecuentado por un promedio de 200 personas.<\/strong>  220 personas \u00a0estuvieron presentes en los festejos del 14 de agosto, entre las cuales se contaba un centenar de ni\u00f1os que desbordaban alegr\u00eda por todos los poros. Todos se sent\u00edan protagonistas, no s\u00f3lo de la <a href=\"https:\/\/www.focolare.org\/es\/conosur\/?s=juntos+por+el+barrio\">fiesta<\/a>\u00a0sino tambi\u00e9n de su propio rescate, porque quiz\u00e1s se sienten \u2018parte\u2019 de un proceso donde, m\u00e1s que el dar y el recibir, lo que se pone de relieve es la reciprocidad.  <\/p>\n<hr \/>\n<p>  &nbsp;  https:\/\/vimeo.com\/180291011<\/p>\n","protected":false},"excerpt":{"rendered":"<p>Se festejaron los 10 a\u00f1os de un centro social ubicado en un barrio perif\u00e9rico de  Jos\u00e9 C. Paz, ciudad del cintur\u00f3n de la capital argentina. Los primeros beneficiados son los ni\u00f1os y sus familias.<\/p>\n","protected":false},"author":34,"featured_media":0,"comment_status":"open","ping_status":"open","sticky":false,"template":"","format":"standard","meta":{"give_campaign_id":0,"_seopress_robots_primary_cat":"","_seopress_titles_title":"","_seopress_titles_desc":"","_seopress_robots_index":"","_et_pb_use_builder":"","_et_pb_old_content":"","_et_gb_content_width":"","footnotes":""},"categories":[904,905],"tags":[],"class_list":["post-325364","post","type-post","status-publish","format-standard","hentry","category-focolare-worldwide-2-2","category-senza-categoria-2-2"],"_links":{"self":[{"href":"https:\/\/www.focolare.org\/es\/wp-json\/wp\/v2\/posts\/325364","targetHints":{"allow":["GET"]}}],"collection":[{"href":"https:\/\/www.focolare.org\/es\/wp-json\/wp\/v2\/posts"}],"about":[{"href":"https:\/\/www.focolare.org\/es\/wp-json\/wp\/v2\/types\/post"}],"author":[{"embeddable":true,"href":"https:\/\/www.focolare.org\/es\/wp-json\/wp\/v2\/users\/34"}],"replies":[{"embeddable":true,"href":"https:\/\/www.focolare.org\/es\/wp-json\/wp\/v2\/comments?post=325364"}],"version-history":[{"count":0,"href":"https:\/\/www.focolare.org\/es\/wp-json\/wp\/v2\/posts\/325364\/revisions"}],"wp:attachment":[{"href":"https:\/\/www.focolare.org\/es\/wp-json\/wp\/v2\/media?parent=325364"}],"wp:term":[{"taxonomy":"category","embeddable":true,"href":"https:\/\/www.focolare.org\/es\/wp-json\/wp\/v2\/categories?post=325364"},{"taxonomy":"post_tag","embeddable":true,"href":"https:\/\/www.focolare.org\/es\/wp-json\/wp\/v2\/tags?post=325364"}],"curies":[{"name":"wp","href":"https:\/\/api.w.org\/{rel}","templated":true}]}}