{"id":325402,"date":"2016-09-25T03:00:02","date_gmt":"2016-09-25T01:00:02","guid":{"rendered":"https:\/\/www.focolare.org\/chiara-lubich-tengo-un-solo-esposo-en-la-tierra\/"},"modified":"2024-05-16T14:53:59","modified_gmt":"2024-05-16T12:53:59","slug":"chiara-lubich-tengo-un-solo-esposo-en-la-tierra","status":"publish","type":"post","link":"https:\/\/www.focolare.org\/es\/chiara-lubich-tengo-un-solo-esposo-en-la-tierra\/","title":{"rendered":"Chiara Lubich: \u201cTengo un solo Esposo en la Tierra\u201d"},"content":{"rendered":"<p><strong><img loading=\"lazy\" decoding=\"async\" class=\"alignleft wp-image-142581\" src=\"https:\/\/www.focolare.org\/wp-content\/uploads\/2016\/09\/ChiaraLubich.jpg\" alt=\"ChiaraLubich\" width=\"320\" height=\"168\" \/>Durante el verano de 1949<\/strong>, <a href=\"https:\/\/www.focolare.org\/es\/chiara-lubich\/\">Chiara Lubich<\/a><strong>, con sus 29 a\u00f1os, vive una experiencia de luz y de vida.<\/strong> Dejar aquel \u201c<a href=\"https:\/\/www.focolare.org\/es\/chiara-lubich\/chi-e-chiara\/1949-2\/\">para\u00edso<\/a>\u201d en la monta\u00f1a no es f\u00e1cil pero advierte que Dios la quiere inmersa en los dolores de la Humanidad, \u201cenjugando el agua de la tribulaci\u00f3n\u201d en aquellos que m\u00e1s sufren. Con ese esp\u00edritu brotan de ella estas palabras:  \u00ab<strong>Tengo un solo Esposo en la Tierra,<\/strong> <a href=\"https:\/\/www.focolare.org\/es\/chiara-lubich\/spiritualita-dellunita\/gesu-abbandonato\/\">Jes\u00fas Abandonado<\/a>. No tengo otro Dios fuera de \u00c9l  En \u00c9l est\u00e1 todo el Para\u00edso con la Trinidad y toda la Tierra con la Humanidad.  Por eso lo suyo es m\u00edo y nada m\u00e1s. Es suyo el Dolor universal y por lo tanto, m\u00edo. Ir\u00e9 por el mundo busc\u00e1ndolo en cada instante de mi vida. Lo que me hace da\u00f1o es m\u00edo.  <strong>M\u00edo el dolor que me acaricia en el presente<\/strong>. M\u00edo el dolor de las almas a mi lado (\u00e9se es mi Jes\u00fas). M\u00edo todo lo que no es paz, gozo, bello, amable, sereno&#8230;, en una palabra: lo que no es Para\u00edso. Porque tambi\u00e9n yo tengo mi Para\u00edso pero es el que est\u00e1 en el coraz\u00f3n de mi Esposo. No conozco otros<strong>.<\/strong>  <strong>As\u00ed ser\u00e1 por los a\u00f1os que me quedan:<\/strong> sedienta de dolores, de angustias, de desesperaciones, de melancol\u00edas, de separaciones, de exilio, de abandonos, de tormentos, de&#8230; todo lo que es \u00c9l y \u00c9l es el Pecado, el Infierno.  As\u00ed enjugar\u00e9 el agua de la tribulaci\u00f3n en muchos corazones cercanos y &#8211; por la comuni\u00f3n con mi Esposo omnipotente &#8211; tambi\u00e9n lejanos.  Pasar\u00e9 como Fuego que consume todo lo que ha de caer y deja en pi\u00e9 solo la Verdad.  <strong>Pero hace falta ser como \u00c9l<\/strong>: ser \u00c9l en el momento presente de la vida\u00bb.  <strong>De<\/strong>: Chiara Lubich, <a href=\"http:\/\/www.ciudadnueva.org.ar\/colecciones-de-libros\/una-espiritualidad-para-nuestro-tiempo\/el-grito\" target=\"_blank\" rel=\"noopener\">El Grito, Ed. Ciudad Nueva<\/a> (P\u00e1gs. 60 \u2013 61)<\/p>\n","protected":false},"excerpt":{"rendered":"<p>Una oraci\u00f3n que ella escribi\u00f3 el 20 de septiembre de 1949, en el momento culminante de un periodo muy particular de su vida y de la historia del Movimiento de los Focolares<\/p>\n","protected":false},"author":34,"featured_media":0,"comment_status":"open","ping_status":"open","sticky":false,"template":"","format":"standard","meta":{"give_campaign_id":0,"_seopress_robots_primary_cat":"","_seopress_titles_title":"","_seopress_titles_desc":"","_seopress_robots_index":"","_et_pb_use_builder":"","_et_pb_old_content":"","_et_gb_content_width":"","footnotes":""},"categories":[46],"tags":[],"class_list":["post-325402","post","type-post","status-publish","format-standard","hentry","category-sin-categorizar"],"_links":{"self":[{"href":"https:\/\/www.focolare.org\/es\/wp-json\/wp\/v2\/posts\/325402","targetHints":{"allow":["GET"]}}],"collection":[{"href":"https:\/\/www.focolare.org\/es\/wp-json\/wp\/v2\/posts"}],"about":[{"href":"https:\/\/www.focolare.org\/es\/wp-json\/wp\/v2\/types\/post"}],"author":[{"embeddable":true,"href":"https:\/\/www.focolare.org\/es\/wp-json\/wp\/v2\/users\/34"}],"replies":[{"embeddable":true,"href":"https:\/\/www.focolare.org\/es\/wp-json\/wp\/v2\/comments?post=325402"}],"version-history":[{"count":0,"href":"https:\/\/www.focolare.org\/es\/wp-json\/wp\/v2\/posts\/325402\/revisions"}],"wp:attachment":[{"href":"https:\/\/www.focolare.org\/es\/wp-json\/wp\/v2\/media?parent=325402"}],"wp:term":[{"taxonomy":"category","embeddable":true,"href":"https:\/\/www.focolare.org\/es\/wp-json\/wp\/v2\/categories?post=325402"},{"taxonomy":"post_tag","embeddable":true,"href":"https:\/\/www.focolare.org\/es\/wp-json\/wp\/v2\/tags?post=325402"}],"curies":[{"name":"wp","href":"https:\/\/api.w.org\/{rel}","templated":true}]}}