{"id":325468,"date":"2016-10-17T03:00:12","date_gmt":"2016-10-17T01:00:12","guid":{"rendered":"https:\/\/www.focolare.org\/sportmeet-en-la-conferencia-mundial-sobre-el-deporte-y-la-fe\/"},"modified":"2024-05-16T14:54:10","modified_gmt":"2024-05-16T12:54:10","slug":"sportmeet-en-la-conferencia-mundial-sobre-el-deporte-y-la-fe","status":"publish","type":"post","link":"https:\/\/www.focolare.org\/es\/sportmeet-en-la-conferencia-mundial-sobre-el-deporte-y-la-fe\/","title":{"rendered":"Sportmeet en la conferencia mundial sobre el Deporte y la Fe"},"content":{"rendered":"<p><div id=\"attachment_143615\" style=\"width: 397px\" class=\"wp-caption alignleft\"><a href=\"https:\/\/www.focolare.org\/wp-content\/uploads\/2016\/10\/PA071019.jpg\"><img alt=\"\" alt=\"\" loading=\"lazy\" decoding=\"async\" aria-describedby=\"caption-attachment-143615\" class=\"wp-image-143615\" src=\"https:\/\/www.focolare.org\/wp-content\/uploads\/2016\/10\/PA071019.jpg\" alt=\"\" width=\"387\" height=\"290\" \/><\/a><p id=\"caption-attachment-143615\" class=\"wp-caption-text\">Paolo Crepaz e Paolo Cipolli<\/p><\/div>  \u00abUn ba\u00f1o de belleza, una ocasi\u00f3n de nuevas relaciones, un pozo de inspiraci\u00f3n, una sorprendente correspondencia respecto a la visi\u00f3n de <a href=\"https:\/\/www.focolare.org\/es\/chiara-lubich\/\" target=\"_blank\" rel=\"noopener\">Chiara Lubich<\/a> sobre la relaci\u00f3n con las realidades humanas. El deporte como factor potencial de cambio y al servicio de la humanidad con una apertura valiente a un aut\u00e9ntico di\u00e1logo, sin renunciar a donar con liviandad la inspiraci\u00f3n fundada en la Sabidur\u00eda que ha tocado los corazones y, esperamos, tambi\u00e9n las mentes y por lo tanto las intenciones de la multiforme representaci\u00f3n del deporte mundial\u00bb. Estas son<strong> las impresiones de Paolo Cipolli,<\/strong> presente en el evento, coodinador mundial de <a href=\"http:\/\/www.sportmeet.org\/es\" target=\"_blank\" rel=\"noopener\">Sportmeet<\/a>, realidad fundada por Chiara Lubich en el 2002, con el objetivo de dar una contribuci\u00f3n a la fraternidad universal, en el deporte y a trav\u00e9s del deporte.  <strong> La ceremonia de apertura, presidida por el <a href=\"https:\/\/w2.vatican.va\/content\/francesco\/it\/speeches\/2016\/october\/documents\/papa-francesco_20161005_conferenza-fede-sport.html\" target=\"_blank\" rel=\"noopener\">Papa Francisco<\/a><\/strong>, cont\u00f3 con la presencia de invitados significativos, comenzando por el secretario general de las Naciones Unidas Ban Ki-moon, por el presidente del Comit\u00e9 ol\u00edmpico internacional Thomas Bach y por l\u00edderes de otras iglesias y grandes religiones.  Los principios inspiradores de la conferencia son seis: compasi\u00f3n, respeto, amor, inspiraci\u00f3n, equilibrio, alegr\u00eda. \u00abEl deporte es una actividad humana de gran valor, capaz de enriquecer la vida de las personas, de la que se pueden valer y gozar tanto hombres como mujeres de cada naci\u00f3n, etnia y fe religiosa. El lema ol\u00edmpico \u201caltius, citius, fortius\u201d es una invitaci\u00f3n a desarrollar los talentos que Dios nos dio. Es importante que todos puedan participar en las actividades deportivas, y estoy contento de que en el centro de su atenci\u00f3n en estos d\u00edas est\u00e9 el compromiso de asegurar que el deporte sea cada vez m\u00e1s inclusivo y que sus beneficios est\u00e9n verdaderamente al alcance de todos\u00bb, <strong>afirm\u00f3 el Papa Francisco<\/strong>.  <img loading=\"lazy\" decoding=\"async\" class=\"alignright wp-image-143614\" src=\"https:\/\/www.focolare.org\/wp-content\/uploads\/2016\/10\/20161018-01.jpg\" alt=\"20161018-01\" width=\"368\" height=\"209\" \/><strong>En particular<\/strong>, en referencia a las periferias que son cada vez m\u00e1s numerosas,<strong> el Papa amonest\u00f3 sobre la indiferencia<\/strong>: \u00abTodos conocemos el entusiasmo de los ni\u00f1os que juegan con una pelota desinflada o hecha de trapo en los suburbios de algunas grandes ciudades o en las calles de los peque\u00f1os pueblos. Quisiera alentar a todos, a las instituciones, a las sociedades deportivas, a las entidades educativas y sociales, a las comunidades religiosas, a trabajar juntos para que estos ni\u00f1os puedan llegar al deporte en condiciones dignas, especialmente aquellos que est\u00e1n excluidos por causa de la pobreza\u00bb  <strong>El pont\u00edfice concluy\u00f3 con un desaf\u00edo preciso:<\/strong> \u00abMantener la genuinidad del deporte, protegerlo de las manipulaciones y del usufructo comercial. Ser\u00eda triste, para el deporte y para la humanidad, si la gente ya no lograra confiar en la verdad de los resultados deportivos, o si el cinismo y el desencanto tomasen la delantera sobre el entusiasmo y sobre la participaci\u00f3n feliz y desinteresada. En el deporte, como en la vida es importante luchar por el resultado, pero\u00a1 jugar bien, con lealtad es todav\u00eda m\u00e1s importante!\u00bb  <strong>Con el Papa, en el palco, muchos atletas<\/strong>, entre los cuales los italianos Alessando Del Piero y las medallas de oro en Esgrima en las Olimpiadas, Daniele Garozzo y Valentina Vezzali, la nadadora de Zimbabwe y ex poseedora del record del mundo Kirsty Coventry, el gimnasta Igor Cassina y atletas paral\u00edmpicos como la varias veces campeona Anna Schaffelhuber, el atleta Giusy Versace y la campeona de esgrima y medalla de oro en Rio 2016 , Bebe Vio. Muy significativas las breves palabras del maratoniano de Sud\u00e1n del Sur, Paulo Lokoro, que corri\u00f3 en Rio 2016 en el equipo ol\u00edmpico de los refugiados.  Dieron su contribuci\u00f3n adem\u00e1s<strong>, en este congreso del 5 al 7 de octubre,<\/strong> m\u00e1s de 300 delegados, de diversas etnias, culturas y religiones, en representaci\u00f3n de organismos internacionales, deportivos o no deportivos, de gobiernos, de asociaciones y ONG, de empresas comprometidas en el variado mundo del deporte. Gracias a momentos de reflexi\u00f3n, profundizaciones tem\u00e1ticas, testimonios, trabajos de grupo, se enfoc\u00f3 el rol, insustituible, que el deporte puede tener en el servicio a la humanidad.  \u00abEstamos muy felices de haber participado y de haber colaborado en un evento de alcance hist\u00f3rico por su novedad con el cual la Iglesia ha dirigido su mirada al Deporte\u00bb, <strong>subraya Paolo Crepaz, tambi\u00e9n \u00e9l de Sportmeet.<\/strong>  <strong>Como conclusi\u00f3n<\/strong>, con una solemne\u00a0 firma, cada uno se comprometi\u00f3 a ser \u201cgamechanger\u201d, es decir personas que se integran y promueven una red mundial, convencidas de que el deporte puede cambiar el mundo.  &nbsp;  &nbsp;<\/p>\n","protected":false},"excerpt":{"rendered":"<p>Tambi\u00e9n Sportmeet estuvo representado en la primera conferencia mundial sobre el Deporte y la Fe, \u201cEl Deporte al servicio de la humanidad\u201d, que se realiz\u00f3 desde el 5 al 7 de octubre, promovida por el Pontificio Consejo de la Cultura.<\/p>\n","protected":false},"author":34,"featured_media":0,"comment_status":"open","ping_status":"open","sticky":false,"template":"","format":"standard","meta":{"give_campaign_id":0,"_seopress_robots_primary_cat":"","_seopress_titles_title":"","_seopress_titles_desc":"","_seopress_robots_index":"","_et_pb_use_builder":"","_et_pb_old_content":"","_et_gb_content_width":"","footnotes":""},"categories":[46],"tags":[],"class_list":["post-325468","post","type-post","status-publish","format-standard","hentry","category-sin-categorizar"],"_links":{"self":[{"href":"https:\/\/www.focolare.org\/es\/wp-json\/wp\/v2\/posts\/325468","targetHints":{"allow":["GET"]}}],"collection":[{"href":"https:\/\/www.focolare.org\/es\/wp-json\/wp\/v2\/posts"}],"about":[{"href":"https:\/\/www.focolare.org\/es\/wp-json\/wp\/v2\/types\/post"}],"author":[{"embeddable":true,"href":"https:\/\/www.focolare.org\/es\/wp-json\/wp\/v2\/users\/34"}],"replies":[{"embeddable":true,"href":"https:\/\/www.focolare.org\/es\/wp-json\/wp\/v2\/comments?post=325468"}],"version-history":[{"count":0,"href":"https:\/\/www.focolare.org\/es\/wp-json\/wp\/v2\/posts\/325468\/revisions"}],"wp:attachment":[{"href":"https:\/\/www.focolare.org\/es\/wp-json\/wp\/v2\/media?parent=325468"}],"wp:term":[{"taxonomy":"category","embeddable":true,"href":"https:\/\/www.focolare.org\/es\/wp-json\/wp\/v2\/categories?post=325468"},{"taxonomy":"post_tag","embeddable":true,"href":"https:\/\/www.focolare.org\/es\/wp-json\/wp\/v2\/tags?post=325468"}],"curies":[{"name":"wp","href":"https:\/\/api.w.org\/{rel}","templated":true}]}}