{"id":325520,"date":"2016-11-04T04:00:35","date_gmt":"2016-11-04T03:00:35","guid":{"rendered":"https:\/\/www.focolare.org\/en-suecia-se-conmemoran-los-500-anos-de-la-reforma\/"},"modified":"2024-05-16T14:54:19","modified_gmt":"2024-05-16T12:54:19","slug":"en-suecia-se-conmemoran-los-500-anos-de-la-reforma","status":"publish","type":"post","link":"https:\/\/www.focolare.org\/es\/en-suecia-se-conmemoran-los-500-anos-de-la-reforma\/","title":{"rendered":"En Suecia se conmemoran los 500 a\u00f1os de la Reforma"},"content":{"rendered":"<p><strong><img loading=\"lazy\" decoding=\"async\" class=\"alignright wp-image-144376\" src=\"https:\/\/www.focolare.org\/wp-content\/uploads\/2016\/11\/20161105-01.jpeg\" alt=\"20161105-01\" width=\"368\" height=\"245\" \/>Tal vez fue por la participaci\u00f3n del Papa Francisco y de los m\u00e1ximos representantes de la Federaci\u00f3n luterana mundial.<\/strong> Tal vez fue por las palabras tan impactantes de la <a href=\"\/\/w2.vatican.va\/content\/francesco\/es\/homilies\/2016\/documents\/papa-francesco_20161031_omelia-svezia-lund.html\" target=\"_blank\" rel=\"noopener\">Declaraci\u00f3n conjunta\u00a0<\/a>que se ley\u00f3 en la catedral de Lund (ciudad de 115.000 habitantes en el sur de Suecia). O tal vez fue por la gran participaci\u00f3n del pueblo.  El hecho es que el \u00e9xito del evento en el que se conmemora el V\u00ba centenario de la Reforma super\u00f3 cualquier expectativa, tambi\u00e9n por su impacto en los medios de comunicaci\u00f3n. \u00ab <em>Cristo desea que seamos uno, para que el mundo crea\u00bb<\/em><em>, <\/em>proclamaron juntos luteranos y cat\u00f3licos, convencidos de que \u00ab<em>el modo en que nos relacionamos unos con otros da forma a nuestro testimonio del Evangelio<\/em>\u00bb.  <strong> La mirada del Documento se dirige hacia el futuro y a lo cotidiano<\/strong>: salir de s\u00ed mismos, de la propia comunidad, de la propia iglesia para emprender acciones comunes \u00ab<em>en el servicio, defendiendo los derechos humanos y la dignidad, especialmente la de los pobres, trabajando por la justicia y rechazando toda forma de violencia\u00bb<\/em>. Un prop\u00f3sito de trabajar juntos <em>\u00abpara acoger al extranjero, para socorrer las necesidades de los que se ven forzados a huir a causa de la guerra y la persecuci\u00f3n, y para defender los derechos de los refugiados y de los que buscan asilo\u00bb <\/em>y para la defensa de toda la creaci\u00f3n \u00ab<em>que sufre explotaci\u00f3n y los efectos de la codicia insaciable\u00bb<\/em>. Una Declaraci\u00f3n que se vuelve global en el llamado final a los cat\u00f3licos y a los luteranos del mundo entero para que \u00ab<em>todas las comunidades y parroquias Luteranas y Cat\u00f3licas<\/em>\u00bb sean \u00ab<em>valientes y creativas\u00bb<\/em>, olvidando los conflictos del pasado porque \u00ab<em>la unidad entre nosotros guiar\u00e1 la cooperaci\u00f3n y har\u00e1 m\u00e1s profunda nuestra solidaridad\u00bb<\/em>.  <strong>La Reforma de Lutero en Suecia fue introducida por motivos meramente pol\u00edticos. <\/strong>El rey Gustav Vasa tom\u00f3 el control de la Iglesia y fue s\u00f3lo en el a\u00f1o 2000 que se dio la separaci\u00f3n entre Estado e Iglesia. A lo largo de los siglos, el luteranismo adquiri\u00f3 muchos matices que se reflejan en las distintas caracter\u00edsticas nacionales. . Sin embargo, m\u00e1s all\u00e1 de la historia de cada pa\u00eds, vemos que hoy se abre camino la \u201cReforma de la unidad\u201d querida con convicci\u00f3n por ambas iglesias, la luterana y la cat\u00f3lica. Una reforma destinada a convertirse en cultura popular y por lo tanto posible. La misma se fundamenta en 5 compromisos: 1) Partir siempre de la perspectiva de la unidad y no del punto de vista de las divisiones; 2) Dejarse continuamente transformar por el encuentro con los dem\u00e1s; 3) Buscar una unidad visible elaborando juntos pasos concretos; 4) Redescubrir la fuerza del Evangelio; 5) Testimoniar juntos la misericordia de Dios.  <strong>Estos compromisos<\/strong> llevan a testimoniar la belleza de ser cristianos en la diversidad, precisamente porque lo que nos une es mucho m\u00e1s de lo que nos separa. Es \u00e9sta la convicci\u00f3n que ha orientado tambi\u00e9n la <a href=\"https:\/\/www.focolare.org\/es\/in-dialogo\/chiese-cristiane\/\" target=\"_blank\" rel=\"noopener\">larga amistad entre los Focolares y los luteranos<\/a> y la acci\u00f3n de muchos otros movimientos.  Entrevistamos a <strong>Antje Jackelen<\/strong>, la primera mujer arzobispo de la iglesia luterana sueca (61 a\u00f1os, casada con dos hijas) y le preguntamos acerca de la contribuci\u00f3n de los movimientos. Nos dijo que \u00e9stos \u00abson ecum\u00e9nicos en su misma configuraci\u00f3n, por lo cual con los movimientos se han derribado los prejuicios\u00bb. Agreg\u00f3 que el evento de estos d\u00edas \u00abes tambi\u00e9n el fruto de 50 a\u00f1os de di\u00e1logo y de trabajo conjunto\u00bb.  <strong>Por la tarde,<\/strong> en el Malm\u00f6 Arena, repleto con 10 mil personas, se alternaron los \u00a0testimonios: Pranita (India), Hector Fabio (Colombia), Marguerite (Burundi), Rose (Sud\u00e1n de Sur), Antoine (Siria). Ellos, m\u00e1s que muchos discursos, demostraron que ya existe una colaboraci\u00f3n entre las iglesias, con acciones comunes a favor de la creaci\u00f3n, de la justicia social, de los ni\u00f1os, para ayudar a los pobres, los campesinos, las v\u00edctimas de las guerras.  \u00abQue estas historias \u2013 <strong>concluy\u00f3 el Papa<\/strong> \u2013 nos animen y nos brinden un nuevo impulso para trabajar cada vez m\u00e1s unidos. Cuando volvamos a nuestras casas, llevemos con nosotros el compromiso de hacer cada d\u00eda un gesto de paz y de reconciliaci\u00f3n, para ser testigos valientes y fieles de la esperanza cristiana\u00bb. De las palabras, a los hechos. Para ser verdaderos, para ser cre\u00edbles.<\/p>\n","protected":false},"excerpt":{"rendered":"<p>El 31de  octubre, luteranos y cat\u00f3licos  proclaman la necesidad de la unidad, que se debe construir a trav\u00e9s de 5 compromisos comunes, trabajando juntos en el servicio y la acogida de quienes sufren y en pos de la tutela de la creaci\u00f3n.<\/p>\n","protected":false},"author":34,"featured_media":0,"comment_status":"open","ping_status":"open","sticky":false,"template":"","format":"standard","meta":{"give_campaign_id":0,"_seopress_robots_primary_cat":"","_seopress_titles_title":"","_seopress_titles_desc":"","_seopress_robots_index":"","_et_pb_use_builder":"","_et_pb_old_content":"","_et_gb_content_width":"","footnotes":""},"categories":[46],"tags":[],"class_list":["post-325520","post","type-post","status-publish","format-standard","hentry","category-sin-categorizar"],"_links":{"self":[{"href":"https:\/\/www.focolare.org\/es\/wp-json\/wp\/v2\/posts\/325520","targetHints":{"allow":["GET"]}}],"collection":[{"href":"https:\/\/www.focolare.org\/es\/wp-json\/wp\/v2\/posts"}],"about":[{"href":"https:\/\/www.focolare.org\/es\/wp-json\/wp\/v2\/types\/post"}],"author":[{"embeddable":true,"href":"https:\/\/www.focolare.org\/es\/wp-json\/wp\/v2\/users\/34"}],"replies":[{"embeddable":true,"href":"https:\/\/www.focolare.org\/es\/wp-json\/wp\/v2\/comments?post=325520"}],"version-history":[{"count":0,"href":"https:\/\/www.focolare.org\/es\/wp-json\/wp\/v2\/posts\/325520\/revisions"}],"wp:attachment":[{"href":"https:\/\/www.focolare.org\/es\/wp-json\/wp\/v2\/media?parent=325520"}],"wp:term":[{"taxonomy":"category","embeddable":true,"href":"https:\/\/www.focolare.org\/es\/wp-json\/wp\/v2\/categories?post=325520"},{"taxonomy":"post_tag","embeddable":true,"href":"https:\/\/www.focolare.org\/es\/wp-json\/wp\/v2\/tags?post=325520"}],"curies":[{"name":"wp","href":"https:\/\/api.w.org\/{rel}","templated":true}]}}