{"id":325532,"date":"2016-11-08T04:00:41","date_gmt":"2016-11-08T03:00:41","guid":{"rendered":"https:\/\/www.focolare.org\/trigesimo-quinto-encuentro-ecumenico-de-obispos-amigos-de-los-focolares\/"},"modified":"2024-05-16T14:54:22","modified_gmt":"2024-05-16T12:54:22","slug":"trigesimo-quinto-encuentro-ecumenico-de-obispos-amigos-de-los-focolares","status":"publish","type":"post","link":"https:\/\/www.focolare.org\/es\/trigesimo-quinto-encuentro-ecumenico-de-obispos-amigos-de-los-focolares\/","title":{"rendered":"Trig\u00e9simo quinto  Encuentro ecum\u00e9nico de obispos amigos de los Focolares"},"content":{"rendered":"<p><em>\u00a0<a href=\"https:\/\/www.focolare.org\/wp-content\/uploads\/2016\/11\/plenum_ursel_haaf.jpg\"><img loading=\"lazy\" decoding=\"async\" class=\"wp-image-144569 alignleft\" src=\"https:\/\/www.focolare.org\/wp-content\/uploads\/2016\/11\/plenum_ursel_haaf.jpg\" alt=\"plenum_ursel_haaf\" width=\"368\" height=\"243\" \/><\/a><\/em><strong>A 500 a\u00f1os de la Reforma de Lutero, en la ciudadela ecum\u00e9nica de Ottmaring (Augsburgo), <\/strong>se realiz\u00f3 el 35\u00ba encuentro internacional con 25 obispos de varias iglesias que se inspiran en la espiritualidad del Movimiento de los Focolares.  <strong>La reflexi\u00f3n sobre los puntos de la espiritualidad del <\/strong><a href=\"https:\/\/www.focolare.org\/es\/chiara-lubich\/spiritualita-dellunita\/\" target=\"_blank\" rel=\"noopener\">Carisma de la unidad<u>,<\/u><\/a><strong>\u00a0la oraci\u00f3n com\u00fan y la celebraci\u00f3n de varias liturgias <\/strong>establecieron las bases para encuentros y di\u00e1logos profundos que dejaron una impresi\u00f3n indeleble en los participantes.  <strong>El tema del encuentro, <\/strong>\u201c<a href=\"https:\/\/www.focolare.org\/es\/chiara-lubich\/spiritualita-dellunita\/gesu-abbandonato\/\" target=\"_blank\" rel=\"noopener\">Jes\u00fas crucificado y abandonado<\/a> <strong>\u2013 fundamento de una espiritualidad de comuni\u00f3n\u201d,<\/strong> fue la gu\u00eda de todo el encuentro que los obispos quisieron concluir junto con la comunidad del Carmelo, que est\u00e1 situada al lado del Campo de concentraci\u00f3n de Dachau, para ver de cerca una de las etapas m\u00e1s dolorosas de la historia de la humanidad.  Se abri\u00f3 una perspectiva que dio esperanza: <strong>\u00abPara mi ir a Dachau fue visitar un santuario de Jes\u00fas Abandonado.\u00a0 Encontr\u00e9 a Dios all\u00ed, Dios en su abandono\u00bb<\/strong>, de este modo describi\u00f3 su experiencia <a href=\"https:\/\/www.focolare.org\/es\/news\/2014\/09\/17\/jesus-moran-cepedano\/\" target=\"_blank\" rel=\"noopener\">Jes\u00fas Mor\u00e1n,<\/a> copresidente del Movimiento de los Focolares. Y el obispo maronita <strong>Simon Atallah del <a href=\"https:\/\/www.focolare.org\/es\/focolare-worldwide\/asia\/libano\/\" target=\"_blank\" rel=\"noopener\">L\u00edbano<\/a>, agreg\u00f3:<\/strong> \u00abAl lado de un lugar de dolor y de odio hemos encontrado un lugar de amor\u00bb  <strong>Uno de los momentos culminantes del encuentro fue la liturgia ecum\u00e9nica en la iglesia evang\u00e9lica de Santa Ana en Augsburgo.<\/strong><strong>\u00a0<\/strong>Estaba\u00a0 \u00a0presente el obispo em\u00e9rito Christian Krause, uno de los principales firmantes de la \u201cDeclaraci\u00f3n conjunta sobre la doctrina de la justificaci\u00f3n\u201d, que ocurri\u00f3 el 31 de octubre de 1999 en el mismo lugar. El grupo de los obispos aprovech\u00f3\u00a0 esta oportunidad para formular un <a href=\"https:\/\/www.focolare.org\/wp-content\/uploads\/2016\/10\/Messaggio-per-Lund-ITA.pdf\" target=\"_blank\" rel=\"noopener\">mensaje por la celebraci\u00f3n de la apertura de los 500 a\u00f1os de la Reforma<\/a>, que se realiz\u00f3 en la ciudad sueca de Lund. <strong>Enviaron tambi\u00e9n una delegaci\u00f3n.<\/strong>  <strong>El alcalde de la ciudad de la \u201cPaz de Augusta\u201d, Kurt Gribl,<\/strong> \u00a0recibiendo a los obispos, subray\u00f3 que \u00abel Movimiento de los Focolares y, en particular, el grupo de obispos, representan confesiones que no niegan las diferencias\u00bb. Y viendo un estrecho v\u00ednculo entre la ciudad de Augsburgo y el compromiso de la comunidad ecum\u00e9nica de obispos, agreg\u00f3:<strong>\u00a0 \u00abUstedes nos demuestran, con su ejemplo, que es posible una convivencia pac\u00edfica y espiritual y esto nos anima a ir adelante \u00a0<\/strong>en la colaboraci\u00f3n, como ciudad de la paz\u00bb  <strong>Para sellar esta profunda\u00a0amistad y el v\u00ednculo espiritual, el grupo tuvo un momento de recogimiento, despu\u00e9s, en la iglesia evang\u00e9lica de San Ulrico.<\/strong> Es ya tradicional, en estos encuentros ecum\u00e9nicos, que los obispos participantes formulen una solemne promesa, la de sostenerse mutuamente en la oraci\u00f3n y en la vida, compartiendo las preocupaciones y los dolores, las alegr\u00edas y las conquistas de los hermanos. \u00abQue la cruz de cada uno se convierta en la cruz del otro y el anhelo de cada uno en el anhelo del otro, como se recita en el texto del \u201cPacto del amor rec\u00edproco\u201d al cual todos adhirieron.  <strong>El pr\u00f3ximo encuentro ecum\u00e9nico de los obispos, promovido por el Movimiento de los Focolares, tendr\u00e1 lugar en el 2017 en <\/strong><a href=\"https:\/\/www.focolare.org\/es\/focolare-worldwide\/europa\/polonia\/\" target=\"_blank\" rel=\"noopener\">Polonia.<\/a><\/p>\n","protected":false},"excerpt":{"rendered":"<p>En Alemania, en la ciudadela ecum\u00e9nica de Ottmaring, desde el 24 al 28 de octubre, la cita anual para los obispos de varias iglesias. Lanzar puentes y construir la paz entre las confesiones y las religiones.<\/p>\n","protected":false},"author":34,"featured_media":0,"comment_status":"open","ping_status":"open","sticky":false,"template":"","format":"standard","meta":{"give_campaign_id":0,"_seopress_robots_primary_cat":"","_seopress_titles_title":"","_seopress_titles_desc":"","_seopress_robots_index":"","_et_pb_use_builder":"","_et_pb_old_content":"","_et_gb_content_width":"","footnotes":""},"categories":[904,905],"tags":[],"class_list":["post-325532","post","type-post","status-publish","format-standard","hentry","category-focolare-worldwide-2-2","category-senza-categoria-2-2"],"_links":{"self":[{"href":"https:\/\/www.focolare.org\/es\/wp-json\/wp\/v2\/posts\/325532","targetHints":{"allow":["GET"]}}],"collection":[{"href":"https:\/\/www.focolare.org\/es\/wp-json\/wp\/v2\/posts"}],"about":[{"href":"https:\/\/www.focolare.org\/es\/wp-json\/wp\/v2\/types\/post"}],"author":[{"embeddable":true,"href":"https:\/\/www.focolare.org\/es\/wp-json\/wp\/v2\/users\/34"}],"replies":[{"embeddable":true,"href":"https:\/\/www.focolare.org\/es\/wp-json\/wp\/v2\/comments?post=325532"}],"version-history":[{"count":0,"href":"https:\/\/www.focolare.org\/es\/wp-json\/wp\/v2\/posts\/325532\/revisions"}],"wp:attachment":[{"href":"https:\/\/www.focolare.org\/es\/wp-json\/wp\/v2\/media?parent=325532"}],"wp:term":[{"taxonomy":"category","embeddable":true,"href":"https:\/\/www.focolare.org\/es\/wp-json\/wp\/v2\/categories?post=325532"},{"taxonomy":"post_tag","embeddable":true,"href":"https:\/\/www.focolare.org\/es\/wp-json\/wp\/v2\/tags?post=325532"}],"curies":[{"name":"wp","href":"https:\/\/api.w.org\/{rel}","templated":true}]}}