{"id":325566,"date":"2016-11-22T09:37:22","date_gmt":"2016-11-22T08:37:22","guid":{"rendered":"https:\/\/www.focolare.org\/aletta-nos-ha-dejado\/"},"modified":"2024-05-16T14:54:29","modified_gmt":"2024-05-16T12:54:29","slug":"aletta-nos-ha-dejado","status":"publish","type":"post","link":"https:\/\/www.focolare.org\/es\/aletta-nos-ha-dejado\/","title":{"rendered":"Aletta nos ha dejado"},"content":{"rendered":"<p><img loading=\"lazy\" decoding=\"async\" class=\"alignleft wp-image-145432\" src=\"https:\/\/www.focolare.org\/wp-content\/uploads\/2016\/11\/1995AlettaSalizzoni.jpg\" alt=\"1995AlettaSalizzoni\" width=\"164\" height=\"230\" \/><strong>\u00abAcompa\u00f1amos en alegr\u00eda y con inmensa gratitud el retorno de Aletta a la casa del Padr<\/strong>e. No podr\u00edamos tener un modelo mejor de alguien que \u201cda su vida sin medida\u201d, como nos sugiere el lema de hoy\u00bb. <a href=\"https:\/\/www.focolare.org\/es\/news\/2014\/09\/15\/maria-voce\/\">Mar\u00eda Voce<\/a> anuncia as\u00ed a los miembros del Movimiento la muerte de Vittoria Salizzoni, que expir\u00f3 serenamente esta ma\u00f1ana, 22 de noviembre, pocos d\u00edas antes de cumplir 92 a\u00f1os.  <strong>Vittoria Salizzoni<\/strong> naci\u00f3 en Martignano (Trento) el 27 de noviembre de 1924; era la tercera de los ocho hijos de Mar\u00eda y Davide Salizzoni. Durante 12 a\u00f1os vivi\u00f3 en Francia, donde emigr\u00f3 con la familia. En el 1941 regres\u00f3 a Trento (Italia) y, en plena segunda guerra mundial, el 7 de enero de 1945 conoci\u00f3 a <a href=\"https:\/\/www.focolare.org\/es\/chiara-lubich\/chi-e-chiara\/\">Chiara Lubich<\/a>, con la que pas\u00f3 muchos a\u00f1os de su vida.  <strong>Junto con otros, Aletta llev\u00f3 el<\/strong> <a href=\"https:\/\/www.focolare.org\/es\/chiara-lubich\/spiritualita-dellunita\/\">\u201cideal de la unidad\u201d<\/a> <strong>a Oriente Medio<\/strong>, donde hoy hay muchas comunidades que viven la <a href=\"https:\/\/www.focolare.org\/es\/chiara-lubich\/spiritualita-dellunita\/\">espiritualidad de la unidad<\/a>, en di\u00e1logo y amistad tambi\u00e9n con personas de otras religiones. Una larga vida totalmente en donaci\u00f3n.  <div id=\"attachment_145325\" style=\"width: 396px\" class=\"wp-caption alignright\"><img loading=\"lazy\" decoding=\"async\" aria-describedby=\"caption-attachment-145325\" class=\"wp-image-145325 size-full\" src=\"https:\/\/www.focolare.org\/wp-content\/uploads\/2016\/11\/aletta-11.jpg\" alt=\"aletta 1\" width=\"386\" height=\"219\" \/><p id=\"caption-attachment-145325\" class=\"wp-caption-text\">Aletta Salizzoni primera a la derecha<\/p><\/div>  Mar\u00eda Voce, en su mensaje, invit\u00f3 a seguir poniendo en pr\u00e1ctica el mandamiento de Jes\u00fas, el amor rec\u00edproco, para que est\u00e9 siempre espiritualmente presente \u201c<a href=\"https:\/\/www.focolare.org\/es\/chiara-lubich\/spiritualita-dellunita\/gesu-in-mezzo\/\">Jes\u00fas en medio\/la paz\u201d<\/a> entre todos, una caracter\u00edstica que Aletta siempre puso en evidencia con su presencia.  <strong>El funeral<\/strong> se celebrar\u00e1 el Jueves 24 de noviembre, a las 15 hs. (de Roma), en el Centro Mari\u00e1polis de Castel Gandolfo.<\/p>\n","protected":false},"excerpt":{"rendered":"<p>Vittoria Salizzoni, una de las primeras focolarinas, conocida como Aletta, nos ha dejado. El Movimiento de los Focolares la recuerda con gratitud. Una vida vivida con intesidad.<\/p>\n","protected":false},"author":34,"featured_media":0,"comment_status":"open","ping_status":"open","sticky":false,"template":"","format":"standard","meta":{"give_campaign_id":0,"_seopress_robots_primary_cat":"","_seopress_titles_title":"","_seopress_titles_desc":"","_seopress_robots_index":"","_et_pb_use_builder":"","_et_pb_old_content":"","_et_gb_content_width":"","footnotes":""},"categories":[904],"tags":[],"class_list":["post-325566","post","type-post","status-publish","format-standard","hentry","category-focolare-worldwide-2-2"],"_links":{"self":[{"href":"https:\/\/www.focolare.org\/es\/wp-json\/wp\/v2\/posts\/325566","targetHints":{"allow":["GET"]}}],"collection":[{"href":"https:\/\/www.focolare.org\/es\/wp-json\/wp\/v2\/posts"}],"about":[{"href":"https:\/\/www.focolare.org\/es\/wp-json\/wp\/v2\/types\/post"}],"author":[{"embeddable":true,"href":"https:\/\/www.focolare.org\/es\/wp-json\/wp\/v2\/users\/34"}],"replies":[{"embeddable":true,"href":"https:\/\/www.focolare.org\/es\/wp-json\/wp\/v2\/comments?post=325566"}],"version-history":[{"count":0,"href":"https:\/\/www.focolare.org\/es\/wp-json\/wp\/v2\/posts\/325566\/revisions"}],"wp:attachment":[{"href":"https:\/\/www.focolare.org\/es\/wp-json\/wp\/v2\/media?parent=325566"}],"wp:term":[{"taxonomy":"category","embeddable":true,"href":"https:\/\/www.focolare.org\/es\/wp-json\/wp\/v2\/categories?post=325566"},{"taxonomy":"post_tag","embeddable":true,"href":"https:\/\/www.focolare.org\/es\/wp-json\/wp\/v2\/tags?post=325566"}],"curies":[{"name":"wp","href":"https:\/\/api.w.org\/{rel}","templated":true}]}}