{"id":325574,"date":"2016-11-26T04:10:55","date_gmt":"2016-11-26T03:10:55","guid":{"rendered":"https:\/\/www.focolare.org\/ii-congreso-de-los-musulmanes-de-los-focolares\/"},"modified":"2024-05-16T14:54:30","modified_gmt":"2024-05-16T12:54:30","slug":"ii-congreso-de-los-musulmanes-de-los-focolares","status":"publish","type":"post","link":"https:\/\/www.focolare.org\/es\/ii-congreso-de-los-musulmanes-de-los-focolares\/","title":{"rendered":"II\u00b0 Congreso de los musulmanes de los Focolares"},"content":{"rendered":"<p><a href=\"https:\/\/www.focolare.org\/wp-content\/uploads\/2016\/11\/1-Rencontre-musulmans.jpg\"><img loading=\"lazy\" decoding=\"async\" class=\" wp-image-145483 alignleft\" src=\"https:\/\/www.focolare.org\/wp-content\/uploads\/2016\/11\/1-Rencontre-musulmans.jpg\" alt=\"1 Rencontre musulmans\" width=\"386\" height=\"255\" \/><\/a><strong>El Congreso reuni\u00f3 a 90 participantes, entre <\/strong><a href=\"https:\/\/www.focolare.org\/es\/in-dialogo\/grandi-religioni\/islam\/\" target=\"_blank\" rel=\"noopener\">musulmanes y cristianos,<\/a><strong> procedentes de Jordania, Siria, L\u00edbano, Grecia, T\u00fanez, Francia, Italia, Suiza, Burkina Faso, Canad\u00e1 y Argelia<\/strong>. Se trataron cuatro temas: el sufrimiento visto a la luz de Dios; la inspiraci\u00f3n divina sobre la unidad seg\u00fan <a href=\"https:\/\/www.focolare.org\/es\/chiara-lubich\/chi-e-chiara\/\" target=\"_blank\" rel=\"noopener\">Chiara Lubich<\/a>; las dificultades y los desaf\u00edos de hoy en d\u00eda para los musulmanes; ser constructores de la fraternidad universal. \u201cJuntos\u201d fue el t\u00e9rmino m\u00e1s usado durante el Congreso, mostrando la experiencia madurada dentro del Movimiento de los Focolares: vivir juntos el ideal de la unidad, cristianos y musulmanes, seg\u00fan el carisma que Dios dio a Chiara Lubich con la plena conciencia de las respectivas identidades y respetando y aceptando las diferencias.  <strong>La profunda experiencia espiritual que ella hizo en el verano de 1949, introducida por<\/strong> <a href=\"https:\/\/www.focolare.org\/es\/news\/2014\/09\/17\/jesus-moran-cepedano\/\" target=\"_blank\" rel=\"noopener\">Jes\u00fas Mor\u00e1n <\/a>(Copresidente del Movimiento de los Focolares), fue recibida por los presentes en un clima de gran fraternidad: <em>\u201cChiara nos lleva a Dios Uno, m\u00e1s all\u00e1 de las religiones particulares\u201d, <\/em>\u00a0dijo Jalleh, escita, de origen iran\u00ed. Y otro dijo: <em>\u201cChiara usa im\u00e1genes comprensibles para hablar de la Trinidad\u201d. <\/em>  <strong>En este contexto, Rita Moussallem y Roberto Catalano<\/strong> (corresponsables del di\u00e1logo interreligioso de los Focolares), ilustraron la experiencia del Movimiento en contacto con las distintas religiones en distintas partes del mundo. <em>\u201cSe podr\u00eda decir que Dios se manifest\u00f3 y nos dio un poco de su luz\u201d, <\/em>\u00a0fue el comentario de uno de los participantes.  <strong>Despu\u00e9s de haberse sumergido en la dimensi\u00f3n de la unidad nacida en el contexto cristiano, la mirada se dirigi\u00f3 a la realidad musulmana.<\/strong> El estudioso <strong>Adnane Mokrani,<\/strong> \u00e1rgelo-tunecino, profesor en el PISAI (Pontificio Instituto de Estudios \u00e1rabes e Islamitas en Roma), habl\u00f3 de la crisis que atraviesa hoy el Islam. Invit\u00f3 al p\u00fablico a no dejarse tomar por las diversas teor\u00edas complotadas y a no atribuir la culpa a los otros, a ponerse a discutir, sin caer en el desaliento, porque <em>\u00abla mayor\u00eda de las personas desean la paz, tal vez son una mayor\u00eda inactiva\u2026 Pero somos nosotros, en cambio <\/em>\u2013 afirm\u00f3 con fuerza- <em>una minor\u00eda activa la que debe hacer de todo para que esta mayor\u00eda se despierte. Es nuestra funci\u00f3n\u00bb<\/em><img loading=\"lazy\" decoding=\"async\" class=\" wp-image-145484 alignright\" src=\"https:\/\/www.focolare.org\/wp-content\/uploads\/2016\/11\/2-Rencontre-musulmans.jpg\" alt=\"2 Rencontre musulmans\" width=\"386\" height=\"255\" \/>  <strong>Amer el Hafi,<\/strong> profesor de Religiones comparadas en la Universidad de Am\u00e1n (<a href=\"https:\/\/www.focolare.org\/es\/focolare-worldwide\/asia\/giordania\/\" target=\"_blank\" rel=\"noopener\">Jordania)<\/a>, en conexi\u00f3n a trav\u00e9s de skype, dijo: <em>\u201cDios es grande, quiere decir que es m\u00e1s grande que nuestros miedos, que nuestros problemas y nuestras desgracias: es la llave de nuestra esperanza y de nuestra vida. Pero lamentablemente esta expresi\u00f3n hoy se ha convertido en signo de muerte\u201d. <\/em>Junto con el profesor Adnane Mokrani, respondieron a algunas preguntas espont\u00e1neas de la sala.  Fue muy apreciada <strong>la presencia del arzobispo em\u00e9rito de Argelia, Monse\u00f1or Henri Teissier,<\/strong> profundo conocedor de la cultura argelina y del Islam y de <strong>Monse\u00f1or Jean Paul Vesco<\/strong>, obispo de Or\u00e1n. Ellos explicaron que <em>\u00abla amistad fundada en la comuni\u00f3n espiritual es el \u00e1pice del di\u00e1logo entre las religiones, con sus diferencias\u00bb.<\/em> Los j\u00f3venes musulmanes argelinos del Movimiento animaron la asamblea con m\u00fasicas y cantos.  <strong>La visita al mausoleo del m\u00edstico Sidi Boumedi\u00e9ne, introducida magistralmente por el estudioso argelino Dr. Sari-Ali Hikmet,<\/strong> ofreci\u00f3 a los congresistas una inmersi\u00f3n en la espiritualidad, en el arte y en la cultura musulmana. Despu\u00e9s visitaron el <strong>museo El Mechouar,<\/strong> palacio de la dinast\u00eda zianide, <strong>la gran Mezquita y el moderno Centro de Estudios Andalus\u00edes.<\/strong>  <strong>Antes de dejar Tlemcen, Jes\u00fas Mor\u00e1n, resumi\u00f3 la experiencia vivida:<\/strong> \u00ab<em>Se trat\u00f3 no s\u00f3lo de estar de acuerdo sino de ser uno, de vivir la misma experiencia de Dios, de compartir lo que tenemos en lo m\u00e1s profundo\u00bb.<\/em>  Jean-Louis Marechal<\/p>\n","protected":false},"excerpt":{"rendered":"<p>En el Centro Mari\u00e1polis \u201cDar es Salam\u201d de Tlemcen, desde el 28 al 30 de octubre de 2016, en el contexto de la celebraci\u00f3n del 50\u00ba de los Focolares en Argelia, se llev\u00f3 a cabo el segundo congreso de los musulmanes del Movimiento.<\/p>\n","protected":false},"author":34,"featured_media":0,"comment_status":"open","ping_status":"open","sticky":false,"template":"","format":"standard","meta":{"give_campaign_id":0,"_seopress_robots_primary_cat":"","_seopress_titles_title":"","_seopress_titles_desc":"","_seopress_robots_index":"","_et_pb_use_builder":"","_et_pb_old_content":"","_et_gb_content_width":"","footnotes":""},"categories":[904],"tags":[],"class_list":["post-325574","post","type-post","status-publish","format-standard","hentry","category-focolare-worldwide-2-2"],"_links":{"self":[{"href":"https:\/\/www.focolare.org\/es\/wp-json\/wp\/v2\/posts\/325574","targetHints":{"allow":["GET"]}}],"collection":[{"href":"https:\/\/www.focolare.org\/es\/wp-json\/wp\/v2\/posts"}],"about":[{"href":"https:\/\/www.focolare.org\/es\/wp-json\/wp\/v2\/types\/post"}],"author":[{"embeddable":true,"href":"https:\/\/www.focolare.org\/es\/wp-json\/wp\/v2\/users\/34"}],"replies":[{"embeddable":true,"href":"https:\/\/www.focolare.org\/es\/wp-json\/wp\/v2\/comments?post=325574"}],"version-history":[{"count":0,"href":"https:\/\/www.focolare.org\/es\/wp-json\/wp\/v2\/posts\/325574\/revisions"}],"wp:attachment":[{"href":"https:\/\/www.focolare.org\/es\/wp-json\/wp\/v2\/media?parent=325574"}],"wp:term":[{"taxonomy":"category","embeddable":true,"href":"https:\/\/www.focolare.org\/es\/wp-json\/wp\/v2\/categories?post=325574"},{"taxonomy":"post_tag","embeddable":true,"href":"https:\/\/www.focolare.org\/es\/wp-json\/wp\/v2\/tags?post=325574"}],"curies":[{"name":"wp","href":"https:\/\/api.w.org\/{rel}","templated":true}]}}