{"id":325630,"date":"2016-12-27T04:02:41","date_gmt":"2016-12-27T03:02:41","guid":{"rendered":"https:\/\/www.focolare.org\/fontem-ecos-de-un-jubileo\/"},"modified":"2024-05-16T14:54:40","modified_gmt":"2024-05-16T12:54:40","slug":"fontem-ecos-de-un-jubileo","status":"publish","type":"post","link":"https:\/\/www.focolare.org\/es\/fontem-ecos-de-un-jubileo\/","title":{"rendered":"Fontem: ecos de un jubileo"},"content":{"rendered":"<p><img loading=\"lazy\" decoding=\"async\" class=\"wp-image-146540 alignright\" src=\"https:\/\/www.focolare.org\/wp-content\/uploads\/2016\/12\/fontem12.jpg\" alt=\"fontem12\" width=\"386\" height=\"257\" \/><strong>Memoria, agradecimiento, responsabilidad<\/strong>. \u00c9stas son las palabras clave que describen\u00a0 la serie de festejos para celebrar la llegada de algunos focolarinos m\u00e9dicos a la selva camerunense hace ya\u00a0 <a href=\"https:\/\/www.focolare.org\/es\/news\/2016\/12\/12\/focolari-e-bangwa-50-anni-insieme\/\">50 a\u00f1os<\/a>. Dieron as\u00ed comienzo a una obra realizada en estrecha sinton\u00eda con los Bangwa, los habitantes del lugar.  <strong>En el saludo de las autoridades civiles y tradicionales y del copresidente de los Focolares <a href=\"https:\/\/www.focolare.org\/es\/news\/2014\/09\/17\/jesus-moran-cepedano\/\">Jes\u00fas Mor\u00e1n<\/a>,<\/strong> se record\u00f3 la importancia &#8211; seg\u00fan la competencia de cada uno &#8211; desde el comienzo, gracias a la cual la regi\u00f3n vio a lo largo de estos a\u00f1os un impensado y evidente desarrollo bajo todo punto de vista. Se reafirm\u00f3 tambi\u00e9n la validez del m\u00e9todo con el cual los focolarinos \u00a0dialogaron\u00a0 con la poblaci\u00f3n que ten\u00eda su religi\u00f3n tradicional. Este t\u00edpico acercamiento de los Focolares, dio vida, aqu\u00ed y en el mundo, a muchas experiencias positivas de<a href=\"https:\/\/www.focolare.org\/es\/in-dialogo\/grandi-religioni\/religioni-tradizionali\/\"> di\u00e1logo interreligioso<\/a>, como record\u00f3 en su intervenci\u00f3n <strong>Rita Mussallem<\/strong> del Centro para el di\u00e1logo interreligoso de los Focolares. El coraz\u00f3n de esta primera jornada fue la intervenci\u00f3n de <strong>Mons. <a href=\"https:\/\/www.focolare.org\/es\/news\/2016\/12\/19\/festa-fontem-provvisorio\/\">Nkea Andrew<\/a>, Obispo de Mamfe<\/strong>, quien, a trav\u00e9s de su personal experiencia como Bangwa, confirm\u00f3 la belleza de este di\u00e1logo y su plena afinidad con el Evangelio. <strong>Un joven sacerdote austr\u00edaco<\/strong>, presente en el evento, coment\u00f3: \u00abImpresiona la armon\u00eda con la cual los valores de la cultura africana y los valores cristianos se conjugan\u00bb.  <strong>En el segundo d\u00eda, dedicado a los testimonios,<\/strong> un m\u00e9dico y un enfermero, que se encuentran dentro del grupo de los primeros que llegaron a este lugar, subrayaron que la estrecha colaboraci\u00f3n con las personas del lugar fue muy sabia al poder dar a los enfermos una atenci\u00f3n que consideraba las exigencias del cuerpo y del esp\u00edritu. De este modo nacieron nuevas amistades perdurables y resultados de sanaci\u00f3n. Fueron impresionantes tambi\u00e9n los testimonios de acompa\u00f1amiento en la fase final de la vida. Prosiguieron tambi\u00e9n los testimonios de algunos ex-estudiantes del Colegio: un comisario de polic\u00eda, un joven sacerdote, una enfermera. De sus historias emerge que al lado del conocimiento cient\u00edfico de excelencia, exist\u00eda para ellos la posibilidad de descubrir los valores humanos y espirituales que ahora los hacen personas felices y apreciadas en la sociedad y en la Iglesia. Como signo prof\u00e9tico de una nueva econom\u00eda, se presentaron los primeros pasos, en Camer\u00fan, de la <a href=\"http:\/\/www.edc-online.org\/\" target=\"_blank\" rel=\"noopener\">Econom\u00eda de Comuni\u00f3n<\/a>: proyecto que en breve ser\u00e1 lanzado en una conferencia internacional.  <strong>El tercer d\u00eda estuvo dedicado al agradecimiento.<\/strong> Algunas intervenciones significativas recordaron a muchos, que entre los primeros, dieron la vida por Fontem, como el Ing. <a href=\"https:\/\/www.focolare.org\/es\/news\/2012\/01\/26\/piero-pasolini\/\" target=\"_blank\" rel=\"noopener\">Piero Pasolini,<\/a> el Dr. <a href=\"https:\/\/www.focolare.org\/es\/news\/2016\/02\/17\/lucio-dal-soglio\/\" target=\"_blank\" rel=\"noopener\">Lucio Dal Soglio<\/a>, etc, quienes como consideraban al otro como un igual a ellos mismos, realizaron su trabajo en la reciprocidad y no en el asistencialismo. Continuaron con <strong>las danzas tradicionales de los 5 territorios<\/strong> (Fondoms) que componen la Divisi\u00f3n de Lebialem y que dieron colorido y vitalidad \u00a0la fiesta. A todos los presentes, m\u00e1s de 2.500 personas, se les sirvi\u00f3 el almuerzo, fruto del amor de muchas madres que incansablemente trabajaron en los d\u00edas y noches precedentes. <strong>De noche,<\/strong> un alegre y conmovedor musical que, con cantos y prosas presentados por los ni\u00f1os y los estudiantes, cuenta la historia de Fontem.  <img loading=\"lazy\" decoding=\"async\" class=\"wp-image-146541 alignleft\" src=\"https:\/\/www.focolare.org\/wp-content\/uploads\/2016\/12\/fontem-122.jpg\" alt=\"fontem 122\" width=\"386\" height=\"257\" \/>  <strong>El cuarto d\u00eda se celebr\u00f3 la presencia en Fontem, del Colegio \u201cOur lady seat of wisdom\u201d.<\/strong> A los numerosos exalumnos que llegaron del extranjero y que forman un asociaci\u00f3n esparcida en muchos pa\u00edses del mundo, <strong>el obispo de Mamfe<\/strong> los exhort\u00f3 a que tomaran conciencia de los dones que recibieron y que ahora los hacen capaces de ser embajadores de unidad en el lugar donde viven. <strong>Charles Tasong<\/strong>, entre los primeros Bangwa en conocer a los Focolares, dijo: \u00ab<em>Durante el \u201cCry-die\u201d <\/em>(conmemoraci\u00f3n de Lucio dal Soglio, del Padre \u00a0Lino D\u2019Armi y Doris Ronacher, recientemente fallecidos, que dedicaron todas sus energ\u00edas en Fontem) <em>vi que no exist\u00eda m\u00e1s el Movimiento de los Focolares y los Bangwa; no m\u00e1s blancos de un lado y negros del otro lado; sino una sola familia. Lo mismo durante la Misa en Menji: no existe m\u00e1s la parroquia y el Movimiento, sino una sola familia. Quiero recoger el desaf\u00edo de llevar adelante con mi vida la fuerte realidad de unidad vivida en estos d\u00edas aqu\u00ed en Fontem\u00bb<\/em>  &nbsp;  <em>Biagio <\/em><em>Sparapano<\/em><\/p>\n","protected":false},"excerpt":{"rendered":"<p>Cuatro d\u00edas de eventos culturales y de momentos de fiesta concluyen el a\u00f1o de agradecimiento por el 50\u00ba de la llegada de los Focolares al pueblo de los Bangwa, de Camer\u00fan.<\/p>\n","protected":false},"author":34,"featured_media":0,"comment_status":"open","ping_status":"open","sticky":false,"template":"","format":"standard","meta":{"give_campaign_id":0,"_seopress_robots_primary_cat":"","_seopress_titles_title":"","_seopress_titles_desc":"","_seopress_robots_index":"","_et_pb_use_builder":"","_et_pb_old_content":"","_et_gb_content_width":"","footnotes":""},"categories":[46],"tags":[],"class_list":["post-325630","post","type-post","status-publish","format-standard","hentry","category-sin-categorizar"],"_links":{"self":[{"href":"https:\/\/www.focolare.org\/es\/wp-json\/wp\/v2\/posts\/325630","targetHints":{"allow":["GET"]}}],"collection":[{"href":"https:\/\/www.focolare.org\/es\/wp-json\/wp\/v2\/posts"}],"about":[{"href":"https:\/\/www.focolare.org\/es\/wp-json\/wp\/v2\/types\/post"}],"author":[{"embeddable":true,"href":"https:\/\/www.focolare.org\/es\/wp-json\/wp\/v2\/users\/34"}],"replies":[{"embeddable":true,"href":"https:\/\/www.focolare.org\/es\/wp-json\/wp\/v2\/comments?post=325630"}],"version-history":[{"count":0,"href":"https:\/\/www.focolare.org\/es\/wp-json\/wp\/v2\/posts\/325630\/revisions"}],"wp:attachment":[{"href":"https:\/\/www.focolare.org\/es\/wp-json\/wp\/v2\/media?parent=325630"}],"wp:term":[{"taxonomy":"category","embeddable":true,"href":"https:\/\/www.focolare.org\/es\/wp-json\/wp\/v2\/categories?post=325630"},{"taxonomy":"post_tag","embeddable":true,"href":"https:\/\/www.focolare.org\/es\/wp-json\/wp\/v2\/tags?post=325630"}],"curies":[{"name":"wp","href":"https:\/\/api.w.org\/{rel}","templated":true}]}}