{"id":325640,"date":"2016-12-30T09:55:18","date_gmt":"2016-12-30T08:55:18","guid":{"rendered":"https:\/\/www.focolare.org\/chiara-lubich-y-la-familia-2\/"},"modified":"2024-05-16T14:54:42","modified_gmt":"2024-05-16T12:54:42","slug":"chiara-lubich-y-la-familia-2","status":"publish","type":"post","link":"https:\/\/www.focolare.org\/es\/chiara-lubich-y-la-familia-2\/","title":{"rendered":"Chiara Lubich y la familia"},"content":{"rendered":"<p><img loading=\"lazy\" decoding=\"async\" class=\" wp-image-146664 alignleft\" src=\"https:\/\/www.focolare.org\/wp-content\/uploads\/2016\/12\/Chiara-Lubich-a-Loppiano_02-a.jpg\" alt=\"Chiara-Lubich-a-Loppiano_02-a\" width=\"297\" height=\"198\" \/> <strong>Un recorrido de vida y pensamiento para compartir a lo largo de todo el arco del a\u00f1o en las diversas latitudes.<\/strong>  A los 50 a\u00f1os de la fundaci\u00f3n, durante todo el 2017, se realizar\u00e1n varios congresos e iniciativas locales en distintos pa\u00edses del mundo. Un recorrido sobre la vida y pensamiento, en varias etapas, para iluminar el valor antropol\u00f3gico y universal de la familia en la perspectiva de la \u201cfraternidad universal\u201d, testimoniando la riqueza de la diversidad cultural y social junto con el ideal de la unidad encarnado en la vida de familia.  <strong>El acontecimiento central tendr\u00e1 lugar en Loppiano desde el 10 al 12 de marzo de 2017. <\/strong>Est\u00e1 previsto que asistir\u00e1n unas 800 personas en representaci\u00f3n de todo el mundo. Las familias podr\u00e1n sumergirse plenamente en la realidad de la ciudadela internacional de los Focolares y testimoniar el sue\u00f1o de Chiara que est\u00e1 presente en todos los continentes.  Durante la ma\u00f1ana se realizar\u00e1n talleres para adultos, j\u00f3venes y ni\u00f1os, en colaboraci\u00f3n con el movimiento parroquial, los centros gen3 y gen4, AFN osfl y AMU. De tarde se realizar\u00e1 un encuentro en el Auditorium, que se podr\u00e1 seguir via streaming, en el que participar\u00e1n tambi\u00e9n los expertos en temas familiares que estar\u00e1n reunidos en la Universidad Sophia (10-11 de marzo 2017) para un <a href=\"https:\/\/www.focolare.org\/famiglienuove\/files\/2017\/02\/Sintesi-del-programma-del-Seminario-culturale-10-11-Marzo-20171.pdf\" target=\"_blank\" rel=\"noopener\">Seminario Cultural.<\/a> Con \u00a0este seminario de car\u00e1cter universal, se lanzar\u00e1 el futuro <strong>Centro de Estudios <\/strong>sobre la familia, con el objetivo de profundizar la contribuci\u00f3n de la espiritualidad de la unidad en la familia frente a los desaf\u00edos actuales.  <strong>\u00a0<\/strong>  <strong>Por info<\/strong>  <a href=\"http:\/\/www.famiglienuove.org\">www.famiglienuove.org<\/a>  <a href=\"mailto:famiglienuove@focolare.org\">famiglienuove@focolare.org<\/a>  tel. 069411565<\/p>\n","protected":false},"excerpt":{"rendered":"<p>Loppiano, 10-12 marzo 2017 &#8211; In occasione del 50\u00b0 di Famiglie Nuove, l\u2019anniversario di Chiara Lubich sar\u00e0 dedicato al contributo del Carisma dell\u2019Unit\u00e0 per il mondo della famiglia.<\/p>\n","protected":false},"author":34,"featured_media":0,"comment_status":"open","ping_status":"open","sticky":false,"template":"","format":"standard","meta":{"give_campaign_id":0,"_seopress_robots_primary_cat":"","_seopress_titles_title":"","_seopress_titles_desc":"","_seopress_robots_index":"","_et_pb_use_builder":"","_et_pb_old_content":"","_et_gb_content_width":"","footnotes":""},"categories":[904,905],"tags":[],"class_list":["post-325640","post","type-post","status-publish","format-standard","hentry","category-focolare-worldwide-2-2","category-senza-categoria-2-2"],"_links":{"self":[{"href":"https:\/\/www.focolare.org\/es\/wp-json\/wp\/v2\/posts\/325640","targetHints":{"allow":["GET"]}}],"collection":[{"href":"https:\/\/www.focolare.org\/es\/wp-json\/wp\/v2\/posts"}],"about":[{"href":"https:\/\/www.focolare.org\/es\/wp-json\/wp\/v2\/types\/post"}],"author":[{"embeddable":true,"href":"https:\/\/www.focolare.org\/es\/wp-json\/wp\/v2\/users\/34"}],"replies":[{"embeddable":true,"href":"https:\/\/www.focolare.org\/es\/wp-json\/wp\/v2\/comments?post=325640"}],"version-history":[{"count":0,"href":"https:\/\/www.focolare.org\/es\/wp-json\/wp\/v2\/posts\/325640\/revisions"}],"wp:attachment":[{"href":"https:\/\/www.focolare.org\/es\/wp-json\/wp\/v2\/media?parent=325640"}],"wp:term":[{"taxonomy":"category","embeddable":true,"href":"https:\/\/www.focolare.org\/es\/wp-json\/wp\/v2\/categories?post=325640"},{"taxonomy":"post_tag","embeddable":true,"href":"https:\/\/www.focolare.org\/es\/wp-json\/wp\/v2\/tags?post=325640"}],"curies":[{"name":"wp","href":"https:\/\/api.w.org\/{rel}","templated":true}]}}