{"id":325662,"date":"2017-01-10T04:03:43","date_gmt":"2017-01-10T03:03:43","guid":{"rendered":"https:\/\/www.focolare.org\/mi-vocacion-sophiana\/"},"modified":"2024-05-16T14:54:46","modified_gmt":"2024-05-16T12:54:46","slug":"mi-vocacion-sophiana","status":"publish","type":"post","link":"https:\/\/www.focolare.org\/es\/mi-vocacion-sophiana\/","title":{"rendered":"Mi vocaci\u00f3n \u201csophiana\u201d"},"content":{"rendered":"<p><strong><a href=\"https:\/\/www.focolare.org\/wp-content\/uploads\/2017\/01\/s200_piotr.zygulski.jpg\"><img loading=\"lazy\" decoding=\"async\" class=\" wp-image-146775 alignright\" src=\"https:\/\/www.focolare.org\/wp-content\/uploads\/2017\/01\/s200_piotr.zygulski.jpg\" alt=\"s200_piotr.zygulski\" width=\"278\" height=\"278\" \/><\/a>Piotr, \u00bfqu\u00e9 te condujo a decidir inscribirte en Sophia?<\/strong>  Muchos factores me condujeron a Sophia. En los a\u00f1os del liceo tuve la fortuna de encontrar a un fil\u00f3sofo turin\u00e9s que se llamaba Costanzo Preve, quien me llev\u00f3 a acercarme a los estudios de filosof\u00eda a partir de la curiosidad que sent\u00eda por la pol\u00edtica. Su enfoque filos\u00f3fico hegelo-marxista me abri\u00f3 un horizonte sobre la globalidad social que hizo que fuera m\u00e1s dif\u00edcil mi elecci\u00f3n profesional; estaba indeciso entre econom\u00eda, pol\u00edtica y filosof\u00eda. Terminando el liceo un profesor me habl\u00f3 de Sophia, a pesar de que ofrec\u00eda s\u00f3lo curso de post grado. Al final, para tener \u201cun cart\u00f3n\u201d que me ofreciera m\u00e1s opciones, opt\u00e9 por un diploma de tres a\u00f1os en Econom\u00eda, en G\u00e9nova.  <strong>Una elecci\u00f3n que no te dej\u00f3 <\/strong>  La insatisfacci\u00f3n ante el enfoque \u201cmainstream\u201d (basado en la cultura de masa) de muchos cursos me llev\u00f3 a formar parte de la <a href=\"http:\/\/www.rethinkecon.it\"><strong>red internacional de Rethinking Economics <\/strong><\/a>para promover el pluralismo econ\u00f3mico, metodol\u00f3gico e interdisciplinario en la ense\u00f1anza universitaria de la Econom\u00eda y a fundar una sede local. Contempor\u00e1neamente prosegu\u00ed en forma aut\u00f3noma mis estudios de m\u00fasica y de filosof\u00eda. Adem\u00e1s ingres\u00e9 en el mundo del periodismo: formo parte de la redacci\u00f3n del Peri\u00f3dico Term\u00f3metro Pol\u00edtico y desde hace algunos meses dirijo la revista de debate eclesial <a href=\"http:\/\/nipotidimaritain.blogspot.it\"><strong>Nipoti di Maritain<\/strong><\/a> (Sobrinos de Maritain). Ahora bien, enfoc\u00e1ndome en el punto, en estos a\u00f1os le\u00ed algunos art\u00edculos del rector Piero Coda y le ped\u00ed si pod\u00eda visitar Sophia. Vine dos veces, antes de inscribirme. Cada vez, la confirmaci\u00f3n de mi vocaci\u00f3n \u201csophiana\u201d quedaba m\u00e1s reforzada.  <strong>\u00bfQu\u00e9 itinerario decidiste seguir y c\u00f3mo te ha ido en los primeros meses de estudio?<\/strong>  Eleg\u00ed el itinerario de ontolog\u00eda trinitaria, tambi\u00e9n por la posibilidad de aprovechar el <a href=\"http:\/\/www.iu-sophia.org\/it-IT\/_News_1904\"><strong>convenio con la Universidad de Perugia<\/strong><\/a> para la doble titulaci\u00f3n, y obtener as\u00ed, adem\u00e1s del t\u00edtulo pontificio, una maestr\u00eda italiana en Filosof\u00eda con enfoque did\u00e1ctico, que eventualmente me puede abrir la posibilidad de dar clases en el liceo. En estos primeros meses casi todos hemos frecuentado los mismos cursos, de filosof\u00eda, teolog\u00eda, pol\u00edtica y econom\u00eda, lo que nos permite partir de una base com\u00fan. Esta interdisciplinariedad, en mi caso, no fue una sorpresa, sino una elecci\u00f3n consciente y deliberada. Desde el punto de vista acad\u00e9mico, el nivel de Sophia es muy bueno y me ha permitido profundizar temas de inter\u00e9s personal durante los cursos. Desde finales de agosto vivo en la residencia, exactamente los pisos m\u00e1s arriba de las aulas universitarias, junto a nueve chicos de todos los continentes, de Argentina, China, Alemania, Tanzania, e incluso L\u00edbano. Una convivencia \u00f3ptima, bien organizada tambi\u00e9n por lo que respecta a las tareas dom\u00e9sticas; desde el primer momento nos hemos sentido realmente hermanos, en las peque\u00f1as necesidades cotidianas.  <strong>\u00bfY tus proyectos? \u00bfQu\u00e9 entrev\u00e9s?<\/strong>  Es dif\u00edcil decirlo, porque por el momento no hago otra cosa que abrirme a nuevos caminos; el objetivo a mediano plazo es terminar y obtener el t\u00edtulo, pero para la tesis tengo muchas ideas diferentes y, como sucede a menudo, probablemente ninguna ser\u00e1 la definitiva. Despu\u00e9s podr\u00eda pensar en el doctorado, pero se ver\u00e1. De todas formas quisiera mantener mi actividad period\u00edstica y, desde el punto de vista laboral, no me disgustar\u00eda dar clases o encontrar un trabajo en el mundo editorial. Pero no quisiera poner obst\u00e1culos al Esp\u00edritu que podr\u00eda empujarme tambi\u00e9n hacia otra parte.  <strong>\u00a0<\/strong>  <strong>Fuente:<\/strong> IUS online  &nbsp;  &nbsp;<\/p>\n","protected":false},"excerpt":{"rendered":"<p>Un coloquio con Piotr Zygulski, generaci\u00f3n 1993, padre polaco y madre italiana, estudiante del Instituto Universitario Sophia. Los motivos de una elecci\u00f3n que para \u00e9l es cada vez m\u00e1s satisfactoria.<\/p>\n","protected":false},"author":34,"featured_media":0,"comment_status":"open","ping_status":"open","sticky":false,"template":"","format":"standard","meta":{"give_campaign_id":0,"_seopress_robots_primary_cat":"","_seopress_titles_title":"","_seopress_titles_desc":"","_seopress_robots_index":"","_et_pb_use_builder":"","_et_pb_old_content":"","_et_gb_content_width":"","footnotes":""},"categories":[46],"tags":[],"class_list":["post-325662","post","type-post","status-publish","format-standard","hentry","category-sin-categorizar"],"_links":{"self":[{"href":"https:\/\/www.focolare.org\/es\/wp-json\/wp\/v2\/posts\/325662","targetHints":{"allow":["GET"]}}],"collection":[{"href":"https:\/\/www.focolare.org\/es\/wp-json\/wp\/v2\/posts"}],"about":[{"href":"https:\/\/www.focolare.org\/es\/wp-json\/wp\/v2\/types\/post"}],"author":[{"embeddable":true,"href":"https:\/\/www.focolare.org\/es\/wp-json\/wp\/v2\/users\/34"}],"replies":[{"embeddable":true,"href":"https:\/\/www.focolare.org\/es\/wp-json\/wp\/v2\/comments?post=325662"}],"version-history":[{"count":0,"href":"https:\/\/www.focolare.org\/es\/wp-json\/wp\/v2\/posts\/325662\/revisions"}],"wp:attachment":[{"href":"https:\/\/www.focolare.org\/es\/wp-json\/wp\/v2\/media?parent=325662"}],"wp:term":[{"taxonomy":"category","embeddable":true,"href":"https:\/\/www.focolare.org\/es\/wp-json\/wp\/v2\/categories?post=325662"},{"taxonomy":"post_tag","embeddable":true,"href":"https:\/\/www.focolare.org\/es\/wp-json\/wp\/v2\/tags?post=325662"}],"curies":[{"name":"wp","href":"https:\/\/api.w.org\/{rel}","templated":true}]}}