{"id":325722,"date":"2017-02-08T04:13:12","date_gmt":"2017-02-08T03:13:12","guid":{"rendered":"https:\/\/www.focolare.org\/dialogo-ecumenico-un-paso-mas\/"},"modified":"2024-05-16T14:54:58","modified_gmt":"2024-05-16T12:54:58","slug":"dialogo-ecumenico-un-paso-mas","status":"publish","type":"post","link":"https:\/\/www.focolare.org\/es\/dialogo-ecumenico-un-paso-mas\/","title":{"rendered":"Di\u00e1logo ecum\u00e9nico: un paso m\u00e1s"},"content":{"rendered":"<p><img loading=\"lazy\" decoding=\"async\" class=\"wp-image-147731 alignright\" src=\"https:\/\/www.focolare.org\/wp-content\/uploads\/2017\/02\/basilica-building.png\" alt=\"basilica building\" width=\"387\" height=\"276\" \/><strong>De<\/strong> <strong>Onitsha (<\/strong><a href=\"https:\/\/www.focolare.org\/es\/focolare-worldwide\/africa\/nigeria\/\">Nigeria<\/a><strong>) escriben<\/strong> que delante de la\u00a0Bas\u00edlica Most Blessed Holy Trinity, el 23 de enero, hab\u00eda m\u00e1s de un centenar de evang\u00e9licos, pentecostales, cat\u00f3licos, miembros de varias iglesias aut\u00f3nomas, rezando juntos y acompa\u00f1ados por sacerdotes y dos obispos. Los <a href=\"https:\/\/www.focolare.org\/es\/chi-siamo\/\">Focolares<\/a> fueron los catalizadores del evento e instituyeron un comit\u00e9 con miembros de 5 realidades representativas de las distintas iglesias presentes en Nigeria: <strong>CCN<\/strong> (iglesias aut\u00f3nomas), <strong>OAIC<\/strong> (iglesias y organizaciones nacidas en \u00c1frica), <strong>PFN<\/strong> (iglesias pentecostales), <strong>CSN<\/strong> (iglesia cat\u00f3lica) y <strong>ECWA\/TEKAN<\/strong> (iglesias evang\u00e9licas del oeste de \u00c1frica y Ghana). Alguien se preocup\u00f3 por conseguir los grupos musicales, otros prepararon el documento con el programa, otros embellecieron el atrio de la Bas\u00edlica. <strong>Un pastor anglicano fue quien pronunci\u00f3 la homil\u00eda. <\/strong>\u00c9l, \u201ccomo un son de trompetas para despertar del sue\u00f1o a todos los cristianos en Nigeria\u201d invit\u00f3 a \u201cvivir como verdaderos seguidores de Cristo y a trabajar por la unidad en la diversidad\u201d. <em>\u00abOramos con una sola mente y una sola alma<\/em> \u2013 <strong>atestigua una joven<\/strong> \u2013<em> experiment\u00e9 el calor del Esp\u00edritu en medio nuestro<\/em>\u00bb. <strong>Y un joven<\/strong>: <em>\u00abViendo a las personas de varias iglesias que oraban juntas por la unidad y la paz, me sobrevino la certeza de que realmente la unidad se alcanzar\u00e1, porque Jes\u00fas mismo le pidi\u00f3 al Padre que &#8216;todos sean un uno&#8217;<\/em>\u00bb.  <img loading=\"lazy\" decoding=\"async\" class=\"wp-image-147730 alignleft\" src=\"https:\/\/www.focolare.org\/wp-content\/uploads\/2017\/02\/Ottma1.jpg\" alt=\"Ottma1\" width=\"386\" height=\"290\" \/><strong>En Ottmaring (<\/strong><a href=\"https:\/\/www.focolare.org\/es\/focolare-worldwide\/europa\/germania\/\">Alemania<\/a><strong>), sede de la<\/strong> <a href=\"https:\/\/www.focolare.org\/es\/news\/2011\/05\/10\/ottmaring-cittadella-ecumenica\/\">ciudadela ecum\u00e9nica<\/a> <strong>de los Focolares<\/strong>, en ocasi\u00f3n de la \u201csemana\u201d se dieron cita <strong>7 pastores luteranos suecos, 4 pastores anglicanos y un pastor reformado, ingl\u00e9s y 7 sacerdotes cat\u00f3licos.<\/strong> La reflexi\u00f3n fue acerca de \u201cEl Resucitado y los disc\u00edpulos de Ema\u00fas\u201d. El obispo luterano <strong>\u00c2ke de Skara<\/strong> (Suecia), introdujo el tema y evidenci\u00f3 como Jes\u00fas, a\u00fan hoy, es atra\u00eddo por las heridas y la oscuridad de la humanidad para llevar su luz. Con esta realidad en el coraz\u00f3n, todo el grupo se dirigi\u00f3 al cercano campo de concentraci\u00f3n nazi de Dachau, lugar emblem\u00e1tico del misterio de Jes\u00fas Abandonado. Interesante tambi\u00e9n la visita en Augsburgo de algunos lugares significativos para la iglesia luterana, que\u00a0 concluy\u00f3 con una escala en la iglesia cat\u00f3lica dedicada a St. Moritz, donde se encuentra una impactante imagen del <em>Cristo Salvador <\/em>que ilumina la oscuridad del mundo. En este clima de intensa comuni\u00f3n, la celebraci\u00f3n de las distintas liturgias, a lo largo de la semana, adquiri\u00f3 una sacralidad muy especial. En la conclusi\u00f3n hubo prop\u00f3sitos un\u00e1nimes: \u201cQuiero volver al mundo donde Jes\u00fas Abandonado me espera\u201d. \u201cLa Iglesia debe estar all\u00e1 donde est\u00e1n las heridas de las personas\u201d. \u201cLo primero que har\u00e9, volviendo a mi casa, ser\u00e1 visitar al pastor luterano m\u00e1s cercano\u201d.  En <strong>Matera (<\/strong><a href=\"https:\/\/www.focolare.org\/es\/focolare-worldwide\/europa\/italia\/\">Italia<\/a><strong>),<\/strong> hablamos con Cinzia, quien, desde que encontr\u00f3 la <u>espiritualidad de la unidad<\/u> lleva adelante en su parroquia un camino ecum\u00e9nico en colaboraci\u00f3n con una pastora luterana: \u00abSe trata de veladas siempre muy hermosas y llenas de alegr\u00eda \u2013 nos cuenta \u2013 en las se evidencia lo mucho que nos une, m\u00e1s que lo que nos separa. Para animar las celebraciones de la \u201csemana de oraci\u00f3n\u201d que celebramos juntos desde 1997, naci\u00f3 un coro ecum\u00e9nico que nos acompa\u00f1a tambi\u00e9n en las distintas iniciativas culturales y humanitarias que hacemos juntos.\u00a0Este a\u00f1o, en colaboraci\u00f3n con asociaciones y movimientos de la ciudad, se realiz\u00f3 una marcha por la paz y la unidad, en la que participaron unas 300 personas de varias confesiones, adem\u00e1s de personas de otras religiones. Una vez m\u00e1s fue una ocasi\u00f3n para poner en pr\u00e1ctica el ecumenismo de la vida y expresar ese profundo deseo de fraternidad que va m\u00e1s all\u00e1 de las diferencias.  <strong>La parroquia de S. Mar\u00eda en<\/strong> <strong>Pesaro (<\/strong><a href=\"https:\/\/www.focolare.org\/es\/focolare-worldwide\/europa\/italia\/\">Italia<\/a><strong>),<\/strong> tiene una relaci\u00f3n de amistad ecum\u00e9nica con la catedral ortodoxa de Resita (Rumania), gracias a los p\u00e1rrocos y varios laicos que viven la espiritualidad de la unidad. \u00abEste a\u00f1o <strong>\u2013 <\/strong>cuenta una joven ortodoxa rumana \u2013 quisimos dar un paso m\u00e1s. Los j\u00f3venes sent\u00edan la exigencia de comprometerse en la formaci\u00f3n de los m\u00e1s peque\u00f1os, as\u00ed fue que empezamos un curso en Pesaro para animadores cat\u00f3licos y ortodoxos juntos, donde experimentamos la unidad en la diversidad\u00bb.  <strong>Tambi\u00e9n en Cochabamba (<\/strong><a href=\"https:\/\/www.focolare.org\/es\/focolare-worldwide\/america-sud\/bolivia\/\">Bolivia<\/a><strong>),<\/strong> la \u201csemana\u201d fue la ocasi\u00f3n para que los distintos movimientos, entre ellos los Focolares, suscitaran iniciativas ecum\u00e9nicas. En un encuentro de oraci\u00f3n ecum\u00e9nica participaron miembros de la iglesia anglicana, metodista y cat\u00f3lica. Estuvo presente tambi\u00e9n el obispo em\u00e9rito quien record\u00f3 los 500 a\u00f1os de la Reforma e invit\u00f3 a todos a vivir la misericordia y un compromiso renovado para trabajar por la unidad.  Leer tambi\u00e9n:  <a href=\"https:\/\/www.focolare.org\/es\/news\/2017\/01\/18\/ecumenismo-settimana-dellunita\/\" target=\"_blank\" rel=\"noopener\">Ecumenismo: Semana de la Unidad<\/a>  <a href=\"https:\/\/www.focolare.org\/es\/news\/2017\/01\/27\/settimana-dellunita-a-lavana\/\" target=\"_blank\" rel=\"noopener\">Semana de la Unidad en La Habana<\/a><\/p>\n","protected":false},"excerpt":{"rendered":"<p>De Nigeria a Alemania, de Italia a Bolivia, son innumerables las iniciativas, fruto de un ecumenismo de la vida, que se han desarrollado a lo largo de la reciente \u2018semana\u2019 (18-25 de enero) dedicada a la oraci\u00f3n por la unidad de los cristianos.<\/p>\n","protected":false},"author":34,"featured_media":0,"comment_status":"open","ping_status":"open","sticky":false,"template":"","format":"standard","meta":{"give_campaign_id":0,"_seopress_robots_primary_cat":"","_seopress_titles_title":"","_seopress_titles_desc":"","_seopress_robots_index":"","_et_pb_use_builder":"","_et_pb_old_content":"","_et_gb_content_width":"","footnotes":""},"categories":[904],"tags":[],"class_list":["post-325722","post","type-post","status-publish","format-standard","hentry","category-focolare-worldwide-2-2"],"_links":{"self":[{"href":"https:\/\/www.focolare.org\/es\/wp-json\/wp\/v2\/posts\/325722","targetHints":{"allow":["GET"]}}],"collection":[{"href":"https:\/\/www.focolare.org\/es\/wp-json\/wp\/v2\/posts"}],"about":[{"href":"https:\/\/www.focolare.org\/es\/wp-json\/wp\/v2\/types\/post"}],"author":[{"embeddable":true,"href":"https:\/\/www.focolare.org\/es\/wp-json\/wp\/v2\/users\/34"}],"replies":[{"embeddable":true,"href":"https:\/\/www.focolare.org\/es\/wp-json\/wp\/v2\/comments?post=325722"}],"version-history":[{"count":0,"href":"https:\/\/www.focolare.org\/es\/wp-json\/wp\/v2\/posts\/325722\/revisions"}],"wp:attachment":[{"href":"https:\/\/www.focolare.org\/es\/wp-json\/wp\/v2\/media?parent=325722"}],"wp:term":[{"taxonomy":"category","embeddable":true,"href":"https:\/\/www.focolare.org\/es\/wp-json\/wp\/v2\/categories?post=325722"},{"taxonomy":"post_tag","embeddable":true,"href":"https:\/\/www.focolare.org\/es\/wp-json\/wp\/v2\/tags?post=325722"}],"curies":[{"name":"wp","href":"https:\/\/api.w.org\/{rel}","templated":true}]}}